{"id":1400,"date":"2024-04-29T21:34:59","date_gmt":"2024-04-29T20:34:59","guid":{"rendered":"https:\/\/oulemag.ma\/fr\/?p=1400"},"modified":"2024-04-30T11:13:17","modified_gmt":"2024-04-30T10:13:17","slug":"lafrique-nest-pas-sur-la-bonne-voie-pour-atteindre-la-plupart-des-odd","status":"publish","type":"post","link":"https:\/\/oulemag.ma\/fr\/lafrique-nest-pas-sur-la-bonne-voie-pour-atteindre-la-plupart-des-odd\/","title":{"rendered":"L&rsquo;Afrique n\u2019est pas sur la bonne voie pour atteindre la plupart des ODD"},"content":{"rendered":"\n<p>Le 10eme Forum r\u00e9gional africain pour le d\u00e9veloppement durable, tenu du 23 au 25 avril \u00e0 Addis-Abeba, a not\u00e9 avec une vive inqui\u00e9tude qu\u2019\u00e0 mi-parcours de la mise en \u0153uvre du Programme de d\u00e9veloppement durable \u00e0 l\u2019horizon 2030 l\u2019Afrique n\u2019est pas sur la bonne voie pour atteindre la plupart des cibles des Objectifs de d\u00e9veloppement durable (ODD).<br>\u00ab\u00a0Notant avec une vive inqui\u00e9tude qu\u2019\u00e0 mi-parcours de la mise en \u0153uvre du Programme de d\u00e9veloppement durable \u00e0 l\u2019horizon 2030 l\u2019Afrique n\u2019est pas sur la bonne voie pour atteindre la plupart des cibles des Objectifs de d\u00e9veloppement durable et a m\u00eame r\u00e9gress\u00e9 sur certaines, continuant d\u2019abriter 55 % de la population mondiale vivant sous le seuil de pauvret\u00e9\u00a0\u00bb, lit-on dans la D\u00e9claration d\u2019Addis-Abeba ayant sanctionn\u00e9 ce Forum.<br>Cette 10eme session du Forum, rappelle-t-on, a r\u00e9uni en ligne et en pr\u00e9sentiel des ministres et hauts responsables africains charg\u00e9s de l\u2019environnement et du d\u00e9veloppement durable, des finances, de la planification, du d\u00e9veloppement \u00e9conomique et social, de l\u2019\u00e9nergie, de l\u2019agriculture et de la s\u00e9curit\u00e9 alimentaire, de l\u2019am\u00e9nagement du territoire, de la justice et de l\u2019administration publique, de l\u2019\u00e9ducation, des statistiques, de l\u2019\u00e9conomie num\u00e9rique, de la science et de la technologie, des parlementaires et experts repr\u00e9sentant les gouvernements et les organisations intergouvernementales, le secteur priv\u00e9, le monde universitaire et la soci\u00e9t\u00e9 civile.<br>Concernant l\u2019Agenda 2063 : \u201c<a href=\"https:\/\/www.uneca.org\/eca-events\/fr\/dixieme-session-du-forum-regional-africain-sur-le-developpement-durable\" data-type=\"link\" data-id=\"https:\/\/www.uneca.org\/eca-events\/fr\/dixieme-session-du-forum-regional-africain-sur-le-developpement-durable\">L\u2019Afrique que nous voulons, de l\u2019Union <\/a><a href=\"https:\/\/www.uneca.org\/eca-events\/fr\/dixieme-session-du-forum-regional-africain-sur-le-developpement-durable\" data-type=\"link\" data-id=\"https:\/\/www.uneca.org\/eca-events\/fr\/dixieme-session-du-forum-regional-africain-sur-le-developpement-durable\" target=\"_blank\" rel=\"noreferrer noopener\">africaine<\/a>\u201d, et l<a href=\"https:\/\/au.int\/sites\/default\/files\/newsevents\/agendas\/africas_agenda_for_children-french.pdf\" data-type=\"link\" data-id=\"https:\/\/au.int\/sites\/default\/files\/newsevents\/agendas\/africas_agenda_for_children-french.pdf\" target=\"_blank\" rel=\"noreferrer noopener\">e Programme de l\u2019Afrique pour les enfants 2040 <\/a>: \u201cFavoriser une Afrique digne des enfants, de l\u2019Union africaine\u201d, le Forum s\u2019est f\u00e9licit\u00e9 des progr\u00e8s accomplis dans l\u2019ex\u00e9cution du premier plan d\u00e9cennal de mise en \u0153uvre de l\u2019Agenda 2063 et de l\u2019adoption par les chefs d\u2019\u00c9tat et de gouvernement de l\u2019Union africaine du deuxi\u00e8me plan d\u00e9cennal de mise en \u0153uvre,<br>Le Forum f\u00e9licite \u00e9galement de ce que le prochain Sommet de l\u2019avenir offre une occasion opportune d\u2019examiner la question de savoir comment jeter les bases d\u2019une coop\u00e9ration mondiale plus efficace, faire progresser la mise en \u0153uvre des cadres mondiaux et r\u00e9gionaux, y compris le Programme 2030 et l\u2019Agenda 2063, et identifier les moyens de relever les d\u00e9fis actuels et de faire face aux menaces potentielles futures, souligne la D\u00e9claration finale.<\/p>\n","protected":false},"excerpt":{"rendered":"<p>Le 10eme Forum r\u00e9gional africain pour le d\u00e9veloppement durable, tenu du 23 au 25 avril \u00e0 Addis-Abeba, a not\u00e9 avec une vive inqui\u00e9tude qu\u2019\u00e0 mi-parcours de la mise en \u0153uvre du Programme de d\u00e9veloppement durable \u00e0 l\u2019horizon 2030 l\u2019Afrique n\u2019est pas sur la bonne voie pour atteindre la plupart des cibles des Objectifs de d\u00e9veloppement &hellip;<\/p>\n","protected":false},"author":2,"featured_media":1401,"comment_status":"open","ping_status":"closed","sticky":false,"template":"","format":"standard","meta":{"advanced_seo_description":"","jetpack_seo_html_title":"","jetpack_seo_noindex":false,"_jetpack_memberships_contains_paid_content":false,"footnotes":""},"categories":[2,35],"tags":[],"class_list":["post-1400","post","type-post","status-publish","format-standard","has-post-thumbnail","hentry","category-afrique","category-slider"],"jetpack_featured_media_url":"https:\/\/i0.wp.com\/oulemag.ma\/fr\/wp-content\/uploads\/2024\/04\/ODD.png?fit=422%2C360&ssl=1","jetpack_shortlink":"https:\/\/wp.me\/pfJc35-mA","jetpack_sharing_enabled":true,"_links":{"self":[{"href":"https:\/\/oulemag.ma\/fr\/wp-json\/wp\/v2\/posts\/1400","targetHints":{"allow":["GET"]}}],"collection":[{"href":"https:\/\/oulemag.ma\/fr\/wp-json\/wp\/v2\/posts"}],"about":[{"href":"https:\/\/oulemag.ma\/fr\/wp-json\/wp\/v2\/types\/post"}],"author":[{"embeddable":true,"href":"https:\/\/oulemag.ma\/fr\/wp-json\/wp\/v2\/users\/2"}],"replies":[{"embeddable":true,"href":"https:\/\/oulemag.ma\/fr\/wp-json\/wp\/v2\/comments?post=1400"}],"version-history":[{"count":1,"href":"https:\/\/oulemag.ma\/fr\/wp-json\/wp\/v2\/posts\/1400\/revisions"}],"predecessor-version":[{"id":1402,"href":"https:\/\/oulemag.ma\/fr\/wp-json\/wp\/v2\/posts\/1400\/revisions\/1402"}],"wp:featuredmedia":[{"embeddable":true,"href":"https:\/\/oulemag.ma\/fr\/wp-json\/wp\/v2\/media\/1401"}],"wp:attachment":[{"href":"https:\/\/oulemag.ma\/fr\/wp-json\/wp\/v2\/media?parent=1400"}],"wp:term":[{"taxonomy":"category","embeddable":true,"href":"https:\/\/oulemag.ma\/fr\/wp-json\/wp\/v2\/categories?post=1400"},{"taxonomy":"post_tag","embeddable":true,"href":"https:\/\/oulemag.ma\/fr\/wp-json\/wp\/v2\/tags?post=1400"}],"curies":[{"name":"wp","href":"https:\/\/api.w.org\/{rel}","templated":true}]}}