{"id":3188,"date":"2024-12-08T11:09:05","date_gmt":"2024-12-08T10:09:05","guid":{"rendered":"https:\/\/oulemag.ma\/fr\/?p=3188"},"modified":"2024-12-08T11:47:52","modified_gmt":"2024-12-08T10:47:52","slug":"le-prince-moulay-rachid-prend-part-au-diner-offert-par-le-president-francais-a-loccasion-de-la-reouverture-de-notre-dame-de-paris","status":"publish","type":"post","link":"https:\/\/oulemag.ma\/fr\/le-prince-moulay-rachid-prend-part-au-diner-offert-par-le-president-francais-a-loccasion-de-la-reouverture-de-notre-dame-de-paris\/","title":{"rendered":"Le Prince Moulay Rachid prend part au d\u00eener offert par le Pr\u00e9sident fran\u00e7ais \u00e0 l\u2019occasion de la r\u00e9ouverture de Notre-Dame de Paris"},"content":{"rendered":"\n<p class=\"wp-block-paragraph\">Le Prince Moulay Rachid a pris part, samedi 7 novembre 2024 au Palais de l\u2019Elys\u00e9e, au d\u00eener offert par le pr\u00e9sident fran\u00e7ais, M. Emmanuel Macron et Mme Brigitte Macron en l\u2019honneur des chefs d\u2019Etat, de gouvernement et d\u2019organisations internationales convi\u00e9s \u00e0 la c\u00e9r\u00e9monie de r\u00e9ouverture de la cath\u00e9drale Notre-Dame de Paris.<br>Le Prince Moulay Rachid a repr\u00e9sent\u00e9 SM le Roi Mohammed VI \u00e0 la c\u00e9r\u00e9monie de r\u00e9ouverture de la cath\u00e9drale Notre-Dame de Paris.<br>Plusieurs chefs d\u2019Etat, de gouvernement et d\u2019organisations internationales, ainsi que les grands m\u00e9c\u00e8nes ont assist\u00e9 \u00e0 la c\u00e9r\u00e9monie officielle et \u00e0 l\u2019office liturgique de r\u00e9ouverture de cet \u00e9difice religieux de pr\u00e8s de neuf si\u00e8cles, apr\u00e8s sa restauration suite \u00e0 l\u2019incendie qui l\u2019a ravag\u00e9 en partie en 2019.<\/p>\n\n\n\n<figure class=\"wp-block-embed is-type-video is-provider-youtube wp-block-embed-youtube wp-embed-aspect-16-9 wp-has-aspect-ratio\"><div class=\"wp-block-embed__wrapper\">\n<iframe loading=\"lazy\" title=\"\u0635\u0627\u062d\u0628 \u0627\u0644\u0633\u0645\u0648 \u0627\u0644\u0645\u0644\u0643\u064a \u0627\u0644\u0623\u0645\u064a\u0631 \u0645\u0648\u0644\u0627\u064a \u0631\u0634\u064a\u062f \u064a\u0645\u062b\u0644 \u062c\u0644\u0627\u0644\u0629 \u0627\u0644\u0645\u0644\u0643 \u0628\u0628\u0627\u0631\u064a\u0633 \u0641\u064a \u062d\u0641\u0644 \u0625\u0639\u0627\u062f\u0629 \u0627\u0641\u062a\u062a\u0627\u062d \u0643\u0627\u062a\u062f\u0631\u0627\u0626\u064a\u0629 \u0646\u0648\u062a\u0631\u062f\u0627\u0645\" width=\"500\" height=\"281\" src=\"https:\/\/www.youtube.com\/embed\/_SJOvc4xpzY?feature=oembed\" frameborder=\"0\" allow=\"accelerometer; autoplay; clipboard-write; encrypted-media; gyroscope; picture-in-picture; web-share\" referrerpolicy=\"strict-origin-when-cross-origin\" allowfullscreen><\/iframe>\n<\/div><\/figure>\n","protected":false},"excerpt":{"rendered":"<p>Le Prince Moulay Rachid a pris part, samedi 7 novembre 2024 au Palais de l\u2019Elys\u00e9e, au d\u00eener offert par le pr\u00e9sident fran\u00e7ais, M. Emmanuel Macron et Mme Brigitte Macron en l\u2019honneur des chefs d\u2019Etat, de gouvernement et d\u2019organisations internationales convi\u00e9s \u00e0 la c\u00e9r\u00e9monie de r\u00e9ouverture de la cath\u00e9drale Notre-Dame de Paris.Le Prince Moulay Rachid a &hellip;<\/p>\n","protected":false},"author":2,"featured_media":3191,"comment_status":"open","ping_status":"closed","sticky":false,"template":"","format":"standard","meta":{"advanced_seo_description":"","jetpack_seo_html_title":"","jetpack_seo_noindex":false,"_jetpack_memberships_contains_paid_content":false,"footnotes":""},"categories":[17,35],"tags":[],"class_list":["post-3188","post","type-post","status-publish","format-standard","has-post-thumbnail","hentry","category-actualites","category-slider"],"jetpack_featured_media_url":"https:\/\/i0.wp.com\/oulemag.ma\/fr\/wp-content\/uploads\/2024\/12\/visite-notre-damme3.jpg?fit=739%2C366&ssl=1","jetpack_shortlink":"https:\/\/wp.me\/pfJc35-Pq","jetpack_sharing_enabled":true,"_links":{"self":[{"href":"https:\/\/oulemag.ma\/fr\/wp-json\/wp\/v2\/posts\/3188","targetHints":{"allow":["GET"]}}],"collection":[{"href":"https:\/\/oulemag.ma\/fr\/wp-json\/wp\/v2\/posts"}],"about":[{"href":"https:\/\/oulemag.ma\/fr\/wp-json\/wp\/v2\/types\/post"}],"author":[{"embeddable":true,"href":"https:\/\/oulemag.ma\/fr\/wp-json\/wp\/v2\/users\/2"}],"replies":[{"embeddable":true,"href":"https:\/\/oulemag.ma\/fr\/wp-json\/wp\/v2\/comments?post=3188"}],"version-history":[{"count":1,"href":"https:\/\/oulemag.ma\/fr\/wp-json\/wp\/v2\/posts\/3188\/revisions"}],"predecessor-version":[{"id":3190,"href":"https:\/\/oulemag.ma\/fr\/wp-json\/wp\/v2\/posts\/3188\/revisions\/3190"}],"wp:featuredmedia":[{"embeddable":true,"href":"https:\/\/oulemag.ma\/fr\/wp-json\/wp\/v2\/media\/3191"}],"wp:attachment":[{"href":"https:\/\/oulemag.ma\/fr\/wp-json\/wp\/v2\/media?parent=3188"}],"wp:term":[{"taxonomy":"category","embeddable":true,"href":"https:\/\/oulemag.ma\/fr\/wp-json\/wp\/v2\/categories?post=3188"},{"taxonomy":"post_tag","embeddable":true,"href":"https:\/\/oulemag.ma\/fr\/wp-json\/wp\/v2\/tags?post=3188"}],"curies":[{"name":"wp","href":"https:\/\/api.w.org\/{rel}","templated":true}]}}