{"id":4997,"date":"2025-10-10T11:57:45","date_gmt":"2025-10-10T10:57:45","guid":{"rendered":"https:\/\/oulemag.ma\/fr\/?p=4997"},"modified":"2025-10-10T11:57:52","modified_gmt":"2025-10-10T10:57:52","slug":"al-mowafaqa-annonce-sa-conference-inaugurale-autour-des-responsabilites-sociales-et-spirituelles-des-croyants","status":"publish","type":"post","link":"https:\/\/oulemag.ma\/fr\/al-mowafaqa-annonce-sa-conference-inaugurale-autour-des-responsabilites-sociales-et-spirituelles-des-croyants\/","title":{"rendered":"Al Mowafaqa annonce sa conf\u00e9rence inaugurale autour des responsabilit\u00e9s sociales et spirituelles des croyants"},"content":{"rendered":"\n<p>\u00c0 l\u2019occasion de la rentr\u00e9e acad\u00e9mique 2025-2026, l\u2019Institut \u0152cum\u00e9nique de Th\u00e9ologie Al Mowafaqa a annonc\u00e9 l\u2019organisation de sa conf\u00e9rence inaugurale, pr\u00e9vue pour le vendredi 10 octobre 2025 \u00e0 17h30, en pr\u00e9sentiel au si\u00e8ge de l\u2019Institut \u00e0 Rabat et en <a href=\"https:\/\/www.almowafaqa.com\/\" data-type=\"link\" data-id=\"https:\/\/www.almowafaqa.com\/\" target=\"_blank\" rel=\"noreferrer noopener\">visioconf\u00e9rence.<\/a><br>Plac\u00e9e sous le th\u00e8me :\u00ab Dans un monde en crise, quelles responsabilit\u00e9s sociales et spirituelles pour les croyants ? Regards crois\u00e9s chr\u00e9tiens et musulmans \u00bb, les organisateurs ont pr\u00e9cis\u00e9 que cette rencontre \u00a0\u00bb s\u2019inscrit dans le cadre de la c\u00e9l\u00e9bration du 60\u1d49 anniversaire de la d\u00e9claration \u00ab\u00a0Nostra Aetate\u00a0\u00bb du concile Vatican II, texte fondateur du dialogue interreligieux contemporain.<br>La conf\u00e9rence mettra en lumi\u00e8re le \u00ab\u00a0contexte d\u2019\u00e9laboration de cette d\u00e9claration\u00a0\u00bb, son \u00ab\u00a0contenu\u00a0\u00bb ainsi que son \u00ab\u00a0impact historique\u00a0\u00bb. Elle s\u2019int\u00e9ressera \u00e9galement \u00e0 sa \u00ab\u00a0r\u00e9ception au sein de l\u2019\u00c9glise catholique\u00a0\u00bb et \u00e0 la \u00ab\u00a0r\u00e9ponse qu\u2019y a apport\u00e9e la pens\u00e9e islamique moderne\u00a0\u00bb, ouvrant ainsi une r\u00e9flexion commune sur les d\u00e9fis spirituels et sociaux que chr\u00e9tiens et musulmans sont appel\u00e9s \u00e0 relever aujourd\u2019hui.<br>La s\u00e9ance s\u2019ouvrira par un mot de bienvenue du Pasteur Jean-Patrick Nkolo Fanga, professeur de th\u00e9ologie pratique et directeur de l\u2019Institut Al Mowafaqa.<br>L\u2019introduction et la mod\u00e9ration seront assur\u00e9es par le P\u00e8re Christophe Roucou, directeur des \u00e9tudes de l\u2019Institut et responsable du service pour le dialogue interreligieux de l\u2019\u00c9glise catholique au Maroc.<br>Deux intervenants de haut niveau prendront part \u00e0 cette rencontre : le Cardinal Cristobal Lopez Romero, Archev\u00eaque et co-pr\u00e9sident de l\u2019Institut Al Mowafaqa, et le Professeur Rachid Saadi, professeur de l\u2019enseignement sup\u00e9rieur et chercheur en dialogue interculturel et interreligieux (Oujda, Bruxelles, IOTAM).<br>Cette conf\u00e9rence inaugurale s\u2019annonce comme un \u00ab\u00a0moment fort de dialogue et de r\u00e9flexion interreligieuse\u00a0\u00bb, dans un contexte mondial marqu\u00e9 par de profondes mutations sociales, spirituelles et culturelles.<\/p>\n","protected":false},"excerpt":{"rendered":"<p>\u00c0 l\u2019occasion de la rentr\u00e9e acad\u00e9mique 2025-2026, l\u2019Institut \u0152cum\u00e9nique de Th\u00e9ologie Al Mowafaqa a annonc\u00e9 l\u2019organisation de sa conf\u00e9rence inaugurale, pr\u00e9vue pour le vendredi 10 octobre 2025 \u00e0 17h30, en pr\u00e9sentiel au si\u00e8ge de l\u2019Institut \u00e0 Rabat et en visioconf\u00e9rence.Plac\u00e9e sous le th\u00e8me :\u00ab Dans un monde en crise, quelles responsabilit\u00e9s sociales et spirituelles pour &hellip;<\/p>\n","protected":false},"author":2,"featured_media":4998,"comment_status":"open","ping_status":"closed","sticky":false,"template":"","format":"standard","meta":{"advanced_seo_description":"","jetpack_seo_html_title":"","jetpack_seo_noindex":false,"_jetpack_memberships_contains_paid_content":false,"footnotes":""},"categories":[26,35],"tags":[],"class_list":["post-4997","post","type-post","status-publish","format-standard","has-post-thumbnail","hentry","category-dialogues","category-slider"],"jetpack_featured_media_url":"https:\/\/i0.wp.com\/oulemag.ma\/fr\/wp-content\/uploads\/2025\/10\/conference.jpg?fit=981%2C373&ssl=1","jetpack_shortlink":"https:\/\/wp.me\/pfJc35-1iB","jetpack_sharing_enabled":true,"_links":{"self":[{"href":"https:\/\/oulemag.ma\/fr\/wp-json\/wp\/v2\/posts\/4997","targetHints":{"allow":["GET"]}}],"collection":[{"href":"https:\/\/oulemag.ma\/fr\/wp-json\/wp\/v2\/posts"}],"about":[{"href":"https:\/\/oulemag.ma\/fr\/wp-json\/wp\/v2\/types\/post"}],"author":[{"embeddable":true,"href":"https:\/\/oulemag.ma\/fr\/wp-json\/wp\/v2\/users\/2"}],"replies":[{"embeddable":true,"href":"https:\/\/oulemag.ma\/fr\/wp-json\/wp\/v2\/comments?post=4997"}],"version-history":[{"count":1,"href":"https:\/\/oulemag.ma\/fr\/wp-json\/wp\/v2\/posts\/4997\/revisions"}],"predecessor-version":[{"id":4999,"href":"https:\/\/oulemag.ma\/fr\/wp-json\/wp\/v2\/posts\/4997\/revisions\/4999"}],"wp:featuredmedia":[{"embeddable":true,"href":"https:\/\/oulemag.ma\/fr\/wp-json\/wp\/v2\/media\/4998"}],"wp:attachment":[{"href":"https:\/\/oulemag.ma\/fr\/wp-json\/wp\/v2\/media?parent=4997"}],"wp:term":[{"taxonomy":"category","embeddable":true,"href":"https:\/\/oulemag.ma\/fr\/wp-json\/wp\/v2\/categories?post=4997"},{"taxonomy":"post_tag","embeddable":true,"href":"https:\/\/oulemag.ma\/fr\/wp-json\/wp\/v2\/tags?post=4997"}],"curies":[{"name":"wp","href":"https:\/\/api.w.org\/{rel}","templated":true}]}}