{"id":5625,"date":"2026-01-16T19:48:16","date_gmt":"2026-01-16T18:48:16","guid":{"rendered":"https:\/\/oulemag.ma\/fr\/?p=5625"},"modified":"2026-01-16T19:51:12","modified_gmt":"2026-01-16T18:51:12","slug":"lallemagne-inaugure-un-service-inedit-dimams-militaires","status":"publish","type":"post","link":"https:\/\/oulemag.ma\/fr\/lallemagne-inaugure-un-service-inedit-dimams-militaires\/","title":{"rendered":"L\u2019Allemagne inaugure un service in\u00e9dit d\u2019imams militaires"},"content":{"rendered":"\n<p><\/p>\n\n\n\n<p>Apr\u00e8s des ann\u00e9es de d\u00e9bat, la Bundeswehr franchit le pas et cr\u00e9e une aum\u00f4nerie musulmane, qui devrait entrer en fonction d\u00e9but 2026 sous forme de projet pilote limit\u00e9 au territoire allemand. Avec environ 3 000 soldats musulmans dans ses rangs, l\u2019arm\u00e9e allemande entend reconna\u00eetre cette diversit\u00e9 et offrir un accompagnement spirituel d\u00e9di\u00e9, \u00e0 l\u2019instar des aum\u00f4neries protestantes, catholiques et juives d\u00e9j\u00e0 existantes.<\/p>\n\n\n\n<p>Selon les les m\u00e9dias allemands Les aum\u00f4niers seront recrut\u00e9s par appel d\u2019offres public et exerceront sous contrat de prestation de services. Aucun imam ne sera d\u00e9ploy\u00e9 \u00e0 l\u2019\u00e9tranger dans un premier temps, en raison des contraintes juridiques. Cette initiative r\u00e9pond \u00e0 plus de vingt ans de demandes d\u2019associations musulmanes et de responsables parlementaires, et marque une \u00e9tape importante dans la reconnaissance de la diversit\u00e9 religieuse au sein de l\u2019arm\u00e9e allemande.<\/p>\n","protected":false},"excerpt":{"rendered":"<p>Apr\u00e8s des ann\u00e9es de d\u00e9bat, la Bundeswehr franchit le pas et cr\u00e9e une aum\u00f4nerie musulmane, qui devrait entrer en fonction d\u00e9but 2026 sous forme de projet pilote limit\u00e9 au territoire allemand. Avec environ 3 000 soldats musulmans dans ses rangs, l\u2019arm\u00e9e allemande entend reconna\u00eetre cette diversit\u00e9 et offrir un accompagnement spirituel d\u00e9di\u00e9, \u00e0 l\u2019instar des &hellip;<\/p>\n","protected":false},"author":2,"featured_media":5626,"comment_status":"open","ping_status":"closed","sticky":false,"template":"","format":"standard","meta":{"advanced_seo_description":"","jetpack_seo_html_title":"","jetpack_seo_noindex":false,"_jetpack_memberships_contains_paid_content":false,"footnotes":""},"categories":[17,35],"tags":[],"class_list":["post-5625","post","type-post","status-publish","format-standard","has-post-thumbnail","hentry","category-actualites","category-slider"],"jetpack_featured_media_url":"https:\/\/i0.wp.com\/oulemag.ma\/fr\/wp-content\/uploads\/2026\/01\/155096.jpeg?fit=666%2C415&ssl=1","jetpack_shortlink":"https:\/\/wp.me\/pfJc35-1sJ","jetpack_sharing_enabled":true,"_links":{"self":[{"href":"https:\/\/oulemag.ma\/fr\/wp-json\/wp\/v2\/posts\/5625","targetHints":{"allow":["GET"]}}],"collection":[{"href":"https:\/\/oulemag.ma\/fr\/wp-json\/wp\/v2\/posts"}],"about":[{"href":"https:\/\/oulemag.ma\/fr\/wp-json\/wp\/v2\/types\/post"}],"author":[{"embeddable":true,"href":"https:\/\/oulemag.ma\/fr\/wp-json\/wp\/v2\/users\/2"}],"replies":[{"embeddable":true,"href":"https:\/\/oulemag.ma\/fr\/wp-json\/wp\/v2\/comments?post=5625"}],"version-history":[{"count":2,"href":"https:\/\/oulemag.ma\/fr\/wp-json\/wp\/v2\/posts\/5625\/revisions"}],"predecessor-version":[{"id":5628,"href":"https:\/\/oulemag.ma\/fr\/wp-json\/wp\/v2\/posts\/5625\/revisions\/5628"}],"wp:featuredmedia":[{"embeddable":true,"href":"https:\/\/oulemag.ma\/fr\/wp-json\/wp\/v2\/media\/5626"}],"wp:attachment":[{"href":"https:\/\/oulemag.ma\/fr\/wp-json\/wp\/v2\/media?parent=5625"}],"wp:term":[{"taxonomy":"category","embeddable":true,"href":"https:\/\/oulemag.ma\/fr\/wp-json\/wp\/v2\/categories?post=5625"},{"taxonomy":"post_tag","embeddable":true,"href":"https:\/\/oulemag.ma\/fr\/wp-json\/wp\/v2\/tags?post=5625"}],"curies":[{"name":"wp","href":"https:\/\/api.w.org\/{rel}","templated":true}]}}