{"id":5691,"date":"2026-01-26T00:00:00","date_gmt":"2026-01-25T23:00:00","guid":{"rendered":"https:\/\/oulemag.ma\/fr\/?p=5691"},"modified":"2026-01-27T17:12:16","modified_gmt":"2026-01-27T16:12:16","slug":"rabat-linstitut-al-mowafaqa-debat-des-enjeux-et-reformes-de-lenseignement-au-maroc","status":"publish","type":"post","link":"https:\/\/oulemag.ma\/fr\/rabat-linstitut-al-mowafaqa-debat-des-enjeux-et-reformes-de-lenseignement-au-maroc\/","title":{"rendered":"Rabat : l\u2019Institut Al Mowafaqa d\u00e9bat des enjeux et r\u00e9formes de l\u2019enseignement au Maroc"},"content":{"rendered":"\n<p><\/p>\n\n\n\n<p>Dans le cadre de son cycle de conf\u00e9rences \u00ab D\u00e9fis Maroc \u00bb, organis\u00e9 en partenariat avec le Conseil de la Vie Consacr\u00e9e au Maroc (COVICOMA) * , l\u2019Institut \u0152cum\u00e9nique de Th\u00e9ologie Al Mowafaqa accueillera, mardi 27 janvier 2026 \u00e0 17h30, une rencontre consacr\u00e9e au th\u00e8me : \u00ab L\u2019enseignement au Maroc : enjeux et chantiers de r\u00e9formes \u00bb, \u00e0 Rabat.<\/p>\n\n\n\n<p>Selon le communiqu\u00e9 de l\u2019Institut, cette conf\u00e9rence sera anim\u00e9e par Driss Khrouz, universitaire et ancien directeur de la Biblioth\u00e8que Nationale du Royaume du Maroc. Elle s\u2019inscrit dans une s\u00e9rie de rencontres visant \u00e0 offrir un espace de r\u00e9flexion et de dialogue sur les grands d\u00e9fis sociaux, culturels et politiques auxquels le Maroc est confront\u00e9.<\/p>\n\n\n\n<p>Le communiqu\u00e9 ajoute que, fid\u00e8le \u00e0 sa devise \u00ab S\u2019accorder et servir \u00bb, l\u2019Institut Al Mowafaqa entend, \u00e0 travers le cycle \u00ab D\u00e9fis Maroc \u00bb, participer activement au d\u00e9bat public et encourager la r\u00e9flexion collective autour des politiques publiques et des r\u00e9formes structurelles. L\u2019initiative vise \u00e9galement \u00e0 promouvoir le dialogue et l\u2019\u00e9change d\u2019id\u00e9es au service du bien commun.<\/p>\n\n\n\n<p>La conf\u00e9rence est ouverte au public, dans la limite des places disponibles. Elle sera \u00e9galement diffus\u00e9e en ligne via<a href=\"https:\/\/almowafaqa.us9.list-manage.com\/track\/click?u=0e906c9c025432fd65f1569cf&amp;id=31896b2713&amp;e=2285c332b9\" data-type=\"link\" data-id=\"https:\/\/almowafaqa.us9.list-manage.com\/track\/click?u=0e906c9c025432fd65f1569cf&amp;id=31896b2713&amp;e=2285c332b9\" target=\"_blank\" rel=\"noreferrer noopener\"> Zoom<\/a>, sur le site de l\u2019Institut, avec une traduction simultan\u00e9e en espagnol.<\/p>\n\n\n<div class=\"wp-block-image\">\n<figure class=\"aligncenter size-large\"><img data-recalc-dims=\"1\" loading=\"lazy\" decoding=\"async\" width=\"724\" height=\"1024\" src=\"https:\/\/i0.wp.com\/oulemag.ma\/fr\/wp-content\/uploads\/2026\/01\/unnamed.png?resize=724%2C1024&#038;ssl=1\" alt=\"\" class=\"wp-image-5693\" srcset=\"https:\/\/i0.wp.com\/oulemag.ma\/fr\/wp-content\/uploads\/2026\/01\/unnamed.png?resize=724%2C1024&amp;ssl=1 724w, https:\/\/i0.wp.com\/oulemag.ma\/fr\/wp-content\/uploads\/2026\/01\/unnamed.png?resize=212%2C300&amp;ssl=1 212w, https:\/\/i0.wp.com\/oulemag.ma\/fr\/wp-content\/uploads\/2026\/01\/unnamed.png?resize=768%2C1086&amp;ssl=1 768w, https:\/\/i0.wp.com\/oulemag.ma\/fr\/wp-content\/uploads\/2026\/01\/unnamed.png?resize=1086%2C1536&amp;ssl=1 1086w, https:\/\/i0.wp.com\/oulemag.ma\/fr\/wp-content\/uploads\/2026\/01\/unnamed.png?w=1414&amp;ssl=1 1414w\" sizes=\"auto, (max-width: 724px) 100vw, 724px\" \/><\/figure>\n<\/div>\n\n\n<p><\/p>\n\n\n\n<p><strong><em>* Le Conseil de la Vie Consacr\u00e9e regroupe les membres des instituts religieux consacr\u00e9s \u00e0 l&rsquo;\u00c9glise catholique au Maroc<\/em><\/strong><\/p>\n","protected":false},"excerpt":{"rendered":"<p>Dans le cadre de son cycle de conf\u00e9rences \u00ab D\u00e9fis Maroc \u00bb, organis\u00e9 en partenariat avec le Conseil de la Vie Consacr\u00e9e au Maroc (COVICOMA) * , l\u2019Institut \u0152cum\u00e9nique de Th\u00e9ologie Al Mowafaqa accueillera, mardi 27 janvier 2026 \u00e0 17h30, une rencontre consacr\u00e9e au th\u00e8me : \u00ab L\u2019enseignement au Maroc : enjeux et chantiers de &hellip;<\/p>\n","protected":false},"author":2,"featured_media":5692,"comment_status":"open","ping_status":"closed","sticky":false,"template":"","format":"standard","meta":{"advanced_seo_description":"","jetpack_seo_html_title":"","jetpack_seo_noindex":false,"_jetpack_memberships_contains_paid_content":false,"footnotes":""},"categories":[1,35],"tags":[51],"class_list":["post-5691","post","type-post","status-publish","format-standard","has-post-thumbnail","hentry","category-maroc","category-slider","tag-institut-al-mowafaqa"],"jetpack_featured_media_url":"https:\/\/i0.wp.com\/oulemag.ma\/fr\/wp-content\/uploads\/2026\/01\/khrouz.jpg?fit=706%2C492&ssl=1","jetpack_shortlink":"https:\/\/wp.me\/pfJc35-1tN","jetpack_sharing_enabled":true,"_links":{"self":[{"href":"https:\/\/oulemag.ma\/fr\/wp-json\/wp\/v2\/posts\/5691","targetHints":{"allow":["GET"]}}],"collection":[{"href":"https:\/\/oulemag.ma\/fr\/wp-json\/wp\/v2\/posts"}],"about":[{"href":"https:\/\/oulemag.ma\/fr\/wp-json\/wp\/v2\/types\/post"}],"author":[{"embeddable":true,"href":"https:\/\/oulemag.ma\/fr\/wp-json\/wp\/v2\/users\/2"}],"replies":[{"embeddable":true,"href":"https:\/\/oulemag.ma\/fr\/wp-json\/wp\/v2\/comments?post=5691"}],"version-history":[{"count":3,"href":"https:\/\/oulemag.ma\/fr\/wp-json\/wp\/v2\/posts\/5691\/revisions"}],"predecessor-version":[{"id":5704,"href":"https:\/\/oulemag.ma\/fr\/wp-json\/wp\/v2\/posts\/5691\/revisions\/5704"}],"wp:featuredmedia":[{"embeddable":true,"href":"https:\/\/oulemag.ma\/fr\/wp-json\/wp\/v2\/media\/5692"}],"wp:attachment":[{"href":"https:\/\/oulemag.ma\/fr\/wp-json\/wp\/v2\/media?parent=5691"}],"wp:term":[{"taxonomy":"category","embeddable":true,"href":"https:\/\/oulemag.ma\/fr\/wp-json\/wp\/v2\/categories?post=5691"},{"taxonomy":"post_tag","embeddable":true,"href":"https:\/\/oulemag.ma\/fr\/wp-json\/wp\/v2\/tags?post=5691"}],"curies":[{"name":"wp","href":"https:\/\/api.w.org\/{rel}","templated":true}]}}