{"id":6024,"date":"2026-03-04T14:47:00","date_gmt":"2026-03-04T13:47:00","guid":{"rendered":"https:\/\/oulemag.ma\/fr\/?p=6024"},"modified":"2026-03-04T21:50:14","modified_gmt":"2026-03-04T20:50:14","slug":"licesco-plaide-pour-un-developpement-global-et-une-renaissance-culturelle-du-monde-arabe","status":"publish","type":"post","link":"https:\/\/oulemag.ma\/fr\/licesco-plaide-pour-un-developpement-global-et-une-renaissance-culturelle-du-monde-arabe\/","title":{"rendered":"L\u2019ICESCO plaide pour un d\u00e9veloppement global et une renaissance culturelle du monde arabe"},"content":{"rendered":"\n<p>Le Secteur de la Culture de Organisation du Monde Islamique pour l\u2019\u00c9ducation, les Sciences et la Culture (ICESCO) a pris part, mardi 3 mars 2026, \u00e0 un colloque international intitul\u00e9 \u00ab Le monde arabe au 21e si\u00e8cle : les d\u00e9fis de la renaissance et l\u2019absence d\u2019un projet f\u00e9d\u00e9rateur \u00bb, organis\u00e9 par le Laboratoire du dialogue arabe du Centre de recherche du Golfe, en collaboration avec le Forum de la pens\u00e9e arabe, par visioconf\u00e9rence.<\/p>\n\n\n\n<p>Dans son allocution, Mohammed Zinelabidine, chef du Secteur de la Culture de l\u2019ICESCO, a insist\u00e9 sur la n\u00e9cessit\u00e9 d\u2019accorder la priorit\u00e9 au d\u00e9veloppement global \u2014 \u00e9ducatif, social, \u00e9conomique et culturel \u2014 dans les pays du monde arabe et islamique. Il a soulign\u00e9 que la faiblesse des indicateurs de d\u00e9veloppement constitue un frein majeur au progr\u00e8s et \u00e0 la croissance des soci\u00e9t\u00e9s arabes.<\/p>\n\n\n\n<p>Il a affirm\u00e9 que l\u2019enjeu central r\u00e9side aujourd\u2019hui dans l\u2019am\u00e9lioration de la qualit\u00e9 de l\u2019\u00e9ducation, de l\u2019enseignement sup\u00e9rieur et de la recherche scientifique, tout en renfor\u00e7ant la situation des droits des femmes, afin de consolider les capacit\u00e9s individuelles et collectives et favoriser un d\u00e9veloppement inclusif.<\/p>\n\n\n\n<p>Zinelabidine a \u00e9galement pr\u00e9sent\u00e9 plusieurs indicateurs refl\u00e9tant l\u2019\u00e9tat de la culture dans le monde islamique, mettant en lumi\u00e8re les efforts de l\u2019ICESCO pour faire de la culture un pilier essentiel du d\u00e9veloppement durable dans ses \u00c9tats membres. \u00c0 ce propos, il a rappel\u00e9 que l\u2019Organisation avait propos\u00e9 l\u2019adoption d\u2019un 18e objectif ind\u00e9pendant consacr\u00e9 \u00e0 la culture dans le cadre des Objectifs de d\u00e9veloppement durable des Nations Unies.<\/p>\n\n\n\n<p>Pr\u00e9sid\u00e9 par Dr Zaid Alfadeil, responsable du programme culturel au Centre de recherche du Golfe, le colloque a \u00e9t\u00e9 marqu\u00e9 par des interventions et des d\u00e9bats approfondis, avec la participation de l\u2019\u00e9crivaine Samira Rajab, du chercheur et professeur universitaire Dr Saoud El Mawla, ainsi que du penseur et diplomate soudanais Al-Sadiq Al-Faqih. Plusieurs participants ont \u00e9galement pris la parole, contribuant \u00e0 enrichir et \u00e9largir les perspectives du d\u00e9bat.<\/p>\n\n\n\n<p><strong>Source: ICESCO<\/strong><\/p>\n","protected":false},"excerpt":{"rendered":"<p>Le Secteur de la Culture de Organisation du Monde Islamique pour l\u2019\u00c9ducation, les Sciences et la Culture (ICESCO) a pris part, mardi 3 mars 2026, \u00e0 un colloque international intitul\u00e9 \u00ab Le monde arabe au 21e si\u00e8cle : les d\u00e9fis de la renaissance et l\u2019absence d\u2019un projet f\u00e9d\u00e9rateur \u00bb, organis\u00e9 par le Laboratoire du dialogue &hellip;<\/p>\n","protected":false},"author":2,"featured_media":6025,"comment_status":"open","ping_status":"closed","sticky":false,"template":"","format":"standard","meta":{"advanced_seo_description":"","jetpack_seo_html_title":"","jetpack_seo_noindex":false,"_jetpack_memberships_contains_paid_content":false,"footnotes":""},"categories":[17,35],"tags":[],"class_list":["post-6024","post","type-post","status-publish","format-standard","has-post-thumbnail","hentry","category-actualites","category-slider"],"jetpack_featured_media_url":"https:\/\/i0.wp.com\/oulemag.ma\/fr\/wp-content\/uploads\/2026\/03\/Capture-2.jpg?fit=571%2C321&ssl=1","jetpack_shortlink":"https:\/\/wp.me\/pfJc35-1za","jetpack_sharing_enabled":true,"_links":{"self":[{"href":"https:\/\/oulemag.ma\/fr\/wp-json\/wp\/v2\/posts\/6024","targetHints":{"allow":["GET"]}}],"collection":[{"href":"https:\/\/oulemag.ma\/fr\/wp-json\/wp\/v2\/posts"}],"about":[{"href":"https:\/\/oulemag.ma\/fr\/wp-json\/wp\/v2\/types\/post"}],"author":[{"embeddable":true,"href":"https:\/\/oulemag.ma\/fr\/wp-json\/wp\/v2\/users\/2"}],"replies":[{"embeddable":true,"href":"https:\/\/oulemag.ma\/fr\/wp-json\/wp\/v2\/comments?post=6024"}],"version-history":[{"count":1,"href":"https:\/\/oulemag.ma\/fr\/wp-json\/wp\/v2\/posts\/6024\/revisions"}],"predecessor-version":[{"id":6026,"href":"https:\/\/oulemag.ma\/fr\/wp-json\/wp\/v2\/posts\/6024\/revisions\/6026"}],"wp:featuredmedia":[{"embeddable":true,"href":"https:\/\/oulemag.ma\/fr\/wp-json\/wp\/v2\/media\/6025"}],"wp:attachment":[{"href":"https:\/\/oulemag.ma\/fr\/wp-json\/wp\/v2\/media?parent=6024"}],"wp:term":[{"taxonomy":"category","embeddable":true,"href":"https:\/\/oulemag.ma\/fr\/wp-json\/wp\/v2\/categories?post=6024"},{"taxonomy":"post_tag","embeddable":true,"href":"https:\/\/oulemag.ma\/fr\/wp-json\/wp\/v2\/tags?post=6024"}],"curies":[{"name":"wp","href":"https:\/\/api.w.org\/{rel}","templated":true}]}}