{"id":6060,"date":"2026-03-08T03:16:46","date_gmt":"2026-03-08T02:16:46","guid":{"rendered":"https:\/\/oulemag.ma\/fr\/?p=6060"},"modified":"2026-03-08T03:16:49","modified_gmt":"2026-03-08T02:16:49","slug":"nuit-du-coran-a-rabat-toufiq-souligne-les-avancees-du-maroc-dans-la-memorisation-et-la-rehabilitation-des-ecoles-coraniques","status":"publish","type":"post","link":"https:\/\/oulemag.ma\/fr\/nuit-du-coran-a-rabat-toufiq-souligne-les-avancees-du-maroc-dans-la-memorisation-et-la-rehabilitation-des-ecoles-coraniques\/","title":{"rendered":"\u00ab Nuit du Coran \u00bb \u00e0 Rabat : Toufiq souligne les avanc\u00e9es du Maroc dans la m\u00e9morisation et la r\u00e9habilitation des \u00e9coles coraniques"},"content":{"rendered":"\n<p><\/p>\n\n\n\n<p>Le ministre des Habous et des Affaires islamiques, Ahmed Toufiq, a affirm\u00e9 que l\u2019attachement des Marocains au Saint Coran est profond\u00e9ment enracin\u00e9 dans l\u2019histoire, depuis son introduction sur le sol marocain. Il a soulign\u00e9 que les Marocains ont excell\u00e9 dans son service au point de devenir une r\u00e9f\u00e9rence dans ses sciences et ses lectures.<\/p>\n\n\n\n<p>Il a ajout\u00e9 que les Commandeurs des croyants \u00e0 travers l\u2019histoire du Maroc ont jou\u00e9 un r\u00f4le majeur dans la protection et la promotion du Coran et de ses serviteurs, un r\u00f4le qui se poursuit et se renouvelle aujourd\u2019hui gr\u00e2ce \u00e0 la Haute sollicitude dont l\u2019entoure le Roi Mohammed VI.<\/p>\n\n\n<div class=\"wp-block-image\">\n<figure class=\"aligncenter size-large\"><img data-recalc-dims=\"1\" loading=\"lazy\" decoding=\"async\" width=\"1024\" height=\"683\" src=\"https:\/\/i0.wp.com\/oulemag.ma\/fr\/wp-content\/uploads\/2026\/03\/IMG_9161.jpg?resize=1024%2C683&#038;ssl=1\" alt=\"\" class=\"wp-image-6062\" srcset=\"https:\/\/i0.wp.com\/oulemag.ma\/fr\/wp-content\/uploads\/2026\/03\/IMG_9161-scaled.jpg?resize=1024%2C683&amp;ssl=1 1024w, https:\/\/i0.wp.com\/oulemag.ma\/fr\/wp-content\/uploads\/2026\/03\/IMG_9161-scaled.jpg?resize=300%2C200&amp;ssl=1 300w, https:\/\/i0.wp.com\/oulemag.ma\/fr\/wp-content\/uploads\/2026\/03\/IMG_9161-scaled.jpg?resize=768%2C512&amp;ssl=1 768w, https:\/\/i0.wp.com\/oulemag.ma\/fr\/wp-content\/uploads\/2026\/03\/IMG_9161-scaled.jpg?resize=1536%2C1024&amp;ssl=1 1536w, https:\/\/i0.wp.com\/oulemag.ma\/fr\/wp-content\/uploads\/2026\/03\/IMG_9161-scaled.jpg?resize=2048%2C1365&amp;ssl=1 2048w\" sizes=\"auto, (max-width: 1000px) 100vw, 1000px\" \/><\/figure>\n<\/div>\n\n\n<p>Ces d\u00e9clarations ont \u00e9t\u00e9 faites lors de son intervention \u00e0 l\u2019occasion de la \u00ab Nuit du Coran \u00bb, organis\u00e9e vendredi soir 7 mars 2026 \u00e0 l\u2019Institut Mohammed VI de formation des Imams Morchidines et Morchidates, au cours de laquelle il a pr\u00e9sent\u00e9 plusieurs nouveaut\u00e9s concernant les efforts du minist\u00e8re des Habous et des Affaires islamiques au service du Livre saint.<\/p>\n\n\n\n<p>Le ministre a pr\u00e9cis\u00e9 que, dans le cadre du soutien \u00e0 la m\u00e9morisation du Coran, le minist\u00e8re continue d\u2019assurer la supervision des \u00e9coles coraniques (katatibs \u0643\u062a\u0627\u062a\u064a\u0628) afin de garantir la poursuite de leur mission \u00e9ducative et religieuse. Leur nombre a atteint 10 011 \u00e9coles coraniques, dont pr\u00e8s de 67 % sont situ\u00e9s en milieu rural, tandis que 92 % sont install\u00e9s dans des mosqu\u00e9es. Ces \u00e9tablissements accueillent 262 858 apprenants, dont 52 % de filles, encadr\u00e9s par 11 734 enseignants charg\u00e9s de l\u2019enseignement et de la m\u00e9morisation du Coran.<\/p>\n\n\n\n<p>Le minist\u00e8re \u0153uvre \u00e9galement \u00e0 la r\u00e9habilitation des \u00e9coles coraniques et au d\u00e9veloppement de leurs programmes, en combinant les m\u00e9thodes traditionnelles de m\u00e9morisation avec des approches modernes, afin de r\u00e9pondre aux besoins des personnes souhaitant m\u00e9moriser le Coran, notamment celles qui ne peuvent s\u2019y consacrer \u00e0 plein temps. Dans ce cadre, un guide de r\u00e9f\u00e9rence pour la m\u00e9morisation du Coran dans les katatibs a \u00e9t\u00e9 \u00e9labor\u00e9, dans le but d\u2019am\u00e9liorer la qualit\u00e9 de l\u2019enseignement et d\u2019unifier la vision p\u00e9dagogique.<\/p>\n\n\n\n<p>Dans le but de renforcer la place des katatibs dans le syst\u00e8me \u00e9ducatif, Ahmed Toufiq a \u00e9galement indiqu\u00e9 qu\u2019une relation institutionnelle stable a \u00e9t\u00e9 \u00e9tablie entre les \u00e9coles coraniques et les \u00e9tablissements de l\u2019enseignement traditionnel, \u00e0 travers la mise en \u0153uvre d\u2019une convention de partenariat structur\u00e9e entre les deux parties, afin de fournir des fili\u00e8res d\u2019acc\u00e8s r\u00e9guli\u00e8res aux \u00e9coles de l\u2019enseignement traditionnel. Un axe sp\u00e9cifique consacr\u00e9 \u00e0 la gestion de ce partenariat a \u00e9galement \u00e9t\u00e9 int\u00e9gr\u00e9 dans le syst\u00e8me informatique d\u00e9di\u00e9 \u00e0 la gestion du syst\u00e8me de l\u2019enseignement traditionnel, afin de faciliter le suivi de la mise en \u0153uvre de ces conventions et de soutenir les katatibs respectant leurs engagements.<\/p>\n\n\n\n<p>Le ministre a insist\u00e9 sur le fait que l\u2019enseignement du Coran et la formation des r\u00e9citants doivent concerner tous les cycles de l\u2019enseignement traditionnel, pr\u00e9cisant qu\u2019il n\u2019est pas possible de passer d\u2019un niveau \u00e0 un autre sans v\u00e9rifier \u00e0 nouveau la condition pr\u00e9alable de la m\u00e9morisation du Coran.<\/p>\n\n\n\n<p>Il a \u00e9galement soulign\u00e9 que les \u00e9tudes sp\u00e9cialis\u00e9es dans l\u2019enseignement sup\u00e9rieur au sein de l\u2019Universit\u00e9 Al Quaraouiyine restent essentiellement ouvertes aux m\u00e9morisateurs du Coran. Parmi ses institutions figure l\u2019Institut Mohammed VI des lectures et \u00e9tudes coraniques, qui continue de former chaque ann\u00e9e des dizaines de sp\u00e9cialistes des sept et dix lectures coraniques, ainsi que des \u00e9tudiants sp\u00e9cialis\u00e9s dans les \u00e9tudes coraniques anciennes et modernes, capables de communiquer en langues \u00e9trang\u00e8res et de ma\u00eetriser les m\u00e9thodes des sciences humaines et des disciplines auxiliaires.<\/p>\n","protected":false},"excerpt":{"rendered":"<p>Le ministre des Habous et des Affaires islamiques, Ahmed Toufiq, a affirm\u00e9 que l\u2019attachement des Marocains au Saint Coran est profond\u00e9ment enracin\u00e9 dans l\u2019histoire, depuis son introduction sur le sol marocain. Il a soulign\u00e9 que les Marocains ont excell\u00e9 dans son service au point de devenir une r\u00e9f\u00e9rence dans ses sciences et ses lectures. Il &hellip;<\/p>\n","protected":false},"author":2,"featured_media":6061,"comment_status":"open","ping_status":"closed","sticky":false,"template":"","format":"standard","meta":{"advanced_seo_description":"","jetpack_seo_html_title":"","jetpack_seo_noindex":false,"_jetpack_memberships_contains_paid_content":false,"footnotes":""},"categories":[1,35],"tags":[80],"class_list":["post-6060","post","type-post","status-publish","format-standard","has-post-thumbnail","hentry","category-maroc","category-slider","tag-nuit-du-coran"],"jetpack_featured_media_url":"https:\/\/i0.wp.com\/oulemag.ma\/fr\/wp-content\/uploads\/2026\/03\/IMG_8959-1-scaled.jpg?fit=2560%2C1707&ssl=1","jetpack_shortlink":"https:\/\/wp.me\/pfJc35-1zK","jetpack_sharing_enabled":true,"_links":{"self":[{"href":"https:\/\/oulemag.ma\/fr\/wp-json\/wp\/v2\/posts\/6060","targetHints":{"allow":["GET"]}}],"collection":[{"href":"https:\/\/oulemag.ma\/fr\/wp-json\/wp\/v2\/posts"}],"about":[{"href":"https:\/\/oulemag.ma\/fr\/wp-json\/wp\/v2\/types\/post"}],"author":[{"embeddable":true,"href":"https:\/\/oulemag.ma\/fr\/wp-json\/wp\/v2\/users\/2"}],"replies":[{"embeddable":true,"href":"https:\/\/oulemag.ma\/fr\/wp-json\/wp\/v2\/comments?post=6060"}],"version-history":[{"count":1,"href":"https:\/\/oulemag.ma\/fr\/wp-json\/wp\/v2\/posts\/6060\/revisions"}],"predecessor-version":[{"id":6063,"href":"https:\/\/oulemag.ma\/fr\/wp-json\/wp\/v2\/posts\/6060\/revisions\/6063"}],"wp:featuredmedia":[{"embeddable":true,"href":"https:\/\/oulemag.ma\/fr\/wp-json\/wp\/v2\/media\/6061"}],"wp:attachment":[{"href":"https:\/\/oulemag.ma\/fr\/wp-json\/wp\/v2\/media?parent=6060"}],"wp:term":[{"taxonomy":"category","embeddable":true,"href":"https:\/\/oulemag.ma\/fr\/wp-json\/wp\/v2\/categories?post=6060"},{"taxonomy":"post_tag","embeddable":true,"href":"https:\/\/oulemag.ma\/fr\/wp-json\/wp\/v2\/tags?post=6060"}],"curies":[{"name":"wp","href":"https:\/\/api.w.org\/{rel}","templated":true}]}}