{"id":6075,"date":"2026-03-09T16:30:13","date_gmt":"2026-03-09T15:30:13","guid":{"rendered":"https:\/\/oulemag.ma\/fr\/?p=6075"},"modified":"2026-03-09T16:30:16","modified_gmt":"2026-03-09T15:30:16","slug":"deces-du-savant-marocain-abdelhadi-hamito-eminent-specialiste-du-saint-coran","status":"publish","type":"post","link":"https:\/\/oulemag.ma\/fr\/deces-du-savant-marocain-abdelhadi-hamito-eminent-specialiste-du-saint-coran\/","title":{"rendered":"D\u00e9c\u00e8s du savant marocain Abdelhadi Hamito, \u00e9minent sp\u00e9cialiste du Saint Coran"},"content":{"rendered":"\n<p><\/p>\n\n\n\n<p>Le savant Abdelhadi Hamito, sp\u00e9cialiste des sciences coraniques et de la r\u00e9citation, s\u2019est \u00e9teint le dimanche 8 mars 2026. Reconnu pour sa contribution exceptionnelle au service du Saint Coran, il laisse un h\u00e9ritage pr\u00e9cieux dans le monde islamique. La pri\u00e8re fun\u00e9raire a lieu le lundi 9 mars 2026, apr\u00e8s la pri\u00e8re de midi, \u00e0 la mosqu\u00e9e Sunna de Safi.<br>Inna lillahi wa inna ilayhi raji&rsquo;oun (C&rsquo;est \u00e0 Allah que nous appartenons et c&rsquo;est \u00e0 Lui que nous retournons)<\/p>\n","protected":false},"excerpt":{"rendered":"<p>Le savant Abdelhadi Hamito, sp\u00e9cialiste des sciences coraniques et de la r\u00e9citation, s\u2019est \u00e9teint le dimanche 8 mars 2026. Reconnu pour sa contribution exceptionnelle au service du Saint Coran, il laisse un h\u00e9ritage pr\u00e9cieux dans le monde islamique. La pri\u00e8re fun\u00e9raire a lieu le lundi 9 mars 2026, apr\u00e8s la pri\u00e8re de midi, \u00e0 la &hellip;<\/p>\n","protected":false},"author":2,"featured_media":6076,"comment_status":"open","ping_status":"closed","sticky":false,"template":"","format":"standard","meta":{"advanced_seo_description":"","jetpack_seo_html_title":"","jetpack_seo_noindex":false,"_jetpack_memberships_contains_paid_content":false,"footnotes":""},"categories":[1,35],"tags":[],"class_list":["post-6075","post","type-post","status-publish","format-standard","has-post-thumbnail","hentry","category-maroc","category-slider"],"jetpack_featured_media_url":"https:\/\/i0.wp.com\/oulemag.ma\/fr\/wp-content\/uploads\/2026\/03\/hmito.jpg?fit=700%2C394&ssl=1","jetpack_shortlink":"https:\/\/wp.me\/pfJc35-1zZ","jetpack_sharing_enabled":true,"_links":{"self":[{"href":"https:\/\/oulemag.ma\/fr\/wp-json\/wp\/v2\/posts\/6075","targetHints":{"allow":["GET"]}}],"collection":[{"href":"https:\/\/oulemag.ma\/fr\/wp-json\/wp\/v2\/posts"}],"about":[{"href":"https:\/\/oulemag.ma\/fr\/wp-json\/wp\/v2\/types\/post"}],"author":[{"embeddable":true,"href":"https:\/\/oulemag.ma\/fr\/wp-json\/wp\/v2\/users\/2"}],"replies":[{"embeddable":true,"href":"https:\/\/oulemag.ma\/fr\/wp-json\/wp\/v2\/comments?post=6075"}],"version-history":[{"count":1,"href":"https:\/\/oulemag.ma\/fr\/wp-json\/wp\/v2\/posts\/6075\/revisions"}],"predecessor-version":[{"id":6077,"href":"https:\/\/oulemag.ma\/fr\/wp-json\/wp\/v2\/posts\/6075\/revisions\/6077"}],"wp:featuredmedia":[{"embeddable":true,"href":"https:\/\/oulemag.ma\/fr\/wp-json\/wp\/v2\/media\/6076"}],"wp:attachment":[{"href":"https:\/\/oulemag.ma\/fr\/wp-json\/wp\/v2\/media?parent=6075"}],"wp:term":[{"taxonomy":"category","embeddable":true,"href":"https:\/\/oulemag.ma\/fr\/wp-json\/wp\/v2\/categories?post=6075"},{"taxonomy":"post_tag","embeddable":true,"href":"https:\/\/oulemag.ma\/fr\/wp-json\/wp\/v2\/tags?post=6075"}],"curies":[{"name":"wp","href":"https:\/\/api.w.org\/{rel}","templated":true}]}}