{"id":6078,"date":"2026-03-09T15:31:00","date_gmt":"2026-03-09T14:31:00","guid":{"rendered":"https:\/\/oulemag.ma\/fr\/?p=6078"},"modified":"2026-03-09T16:33:40","modified_gmt":"2026-03-09T15:33:40","slug":"taroudant-soiree-ramadanesque-dediee-a-lart-du-madih-et-samaa","status":"publish","type":"post","link":"https:\/\/oulemag.ma\/fr\/taroudant-soiree-ramadanesque-dediee-a-lart-du-madih-et-samaa\/","title":{"rendered":"Taroudant: Soir\u00e9e ramadanesque d\u00e9di\u00e9e \u00e0 l&rsquo;art du Madih et Samaa"},"content":{"rendered":"\n<p><\/p>\n\n\n\n<p>La ville de Taroudant a vibr\u00e9 vendredi 6 mars 2026 au rythme d\u2019une soir\u00e9e ramadanesque d\u00e9di\u00e9e \u00e0 l&rsquo;art du Madih et Samaa.<br>Initi\u00e9e par l\u2019association Ajial Taroudant, cette manifestation artistique et spirituelle s\u2019inscrit dans le cadre du festival \u00ab Nuits du Samaa et du Madih\u00bb.<br>Devant un large public r\u00e9uni au Centre culturel de la ville, l\u2019\u00e9v\u00e9nement a mis \u00e0 l\u2019honneur plusieurs chanteurs et troupes sp\u00e9cialis\u00e9s dans cet art traditionnel authentique dans une ambiance de spiritualit\u00e9 et de s\u00e9r\u00e9nit\u00e9.<br>Les artistes ont interpr\u00e9t\u00e9 une s\u00e9rie de po\u00e8mes et de chansons religieuses c\u00e9l\u00e9brant la vie du Proph\u00e8te Sidna Muhammad, que la paix et le salut soient sur Lui, \u00e9voquant les valeurs spirituelles et humaines inh\u00e9rentes \u00e0 cet art ancestral.<br>Dans une d\u00e9claration \u00e0 la MAP, Rachid Rabib, vice-pr\u00e9sident de l&rsquo;association Ajial Taroudant, a indiqu\u00e9 que l&rsquo;organisation de cet \u00e9v\u00e9nement s&rsquo;inscrit dans le cadre des efforts d\u00e9ploy\u00e9s pour faire revivre l&rsquo;art du Samaa et du Madih et pr\u00e9server ce riche patrimoine spirituel. Il a estim\u00e9 que de telles initiatives culturelles contribuent \u00e0 renforcer le rayonnement culturel de Taroudant et \u00e0 valoriser son h\u00e9ritage artistique.<br>Les \u00ab Nuits du Samaa et du Madih \u00bb offrent, a-t-il en outre soulign\u00e9, l&rsquo;occasion de c\u00e9l\u00e9brer cet art authentique et de donner aux chanteurs et aux ensembles sp\u00e9cialis\u00e9s la possibilit\u00e9 de pr\u00e9senter leur travail au public, notamment durant le mois sacr\u00e9 du Ramadan, caract\u00e9ris\u00e9 par son atmosph\u00e8re spirituelle unique.<br>Pour sa part, le Mounchid Abderrahim Kachoul a d\u00e9clar\u00e9 que sa participation \u00e0 cette soir\u00e9e spirituelle \u00e0 Taroudant constitue une occasion artistique unique, rassemblant les passionn\u00e9s de musique soufie, ajoutant que de telles initiatives culturelles contribuent \u00e0 pr\u00e9server le patrimoine artistique marocain authentique et encouragent les chanteurs et les troupes d\u00e9di\u00e9s \u00e0 la musique et aux louanges soufies \u00e0 poursuivre leur \u0153uvre cr\u00e9ative.<\/p>\n\n\n\n<p><strong>Source: MAP<\/strong><\/p>\n","protected":false},"excerpt":{"rendered":"<p>La ville de Taroudant a vibr\u00e9 vendredi 6 mars 2026 au rythme d\u2019une soir\u00e9e ramadanesque d\u00e9di\u00e9e \u00e0 l&rsquo;art du Madih et Samaa.Initi\u00e9e par l\u2019association Ajial Taroudant, cette manifestation artistique et spirituelle s\u2019inscrit dans le cadre du festival \u00ab Nuits du Samaa et du Madih\u00bb.Devant un large public r\u00e9uni au Centre culturel de la ville, l\u2019\u00e9v\u00e9nement &hellip;<\/p>\n","protected":false},"author":2,"featured_media":6079,"comment_status":"open","ping_status":"closed","sticky":false,"template":"","format":"standard","meta":{"advanced_seo_description":"","jetpack_seo_html_title":"","jetpack_seo_noindex":false,"_jetpack_memberships_contains_paid_content":false,"footnotes":""},"categories":[1,35],"tags":[],"class_list":["post-6078","post","type-post","status-publish","format-standard","has-post-thumbnail","hentry","category-maroc","category-slider"],"jetpack_featured_media_url":"https:\/\/i0.wp.com\/oulemag.ma\/fr\/wp-content\/uploads\/2026\/03\/Soiree-ramadanesque.jpg?fit=443%2C266&ssl=1","jetpack_shortlink":"https:\/\/wp.me\/pfJc35-1A2","jetpack_sharing_enabled":true,"_links":{"self":[{"href":"https:\/\/oulemag.ma\/fr\/wp-json\/wp\/v2\/posts\/6078","targetHints":{"allow":["GET"]}}],"collection":[{"href":"https:\/\/oulemag.ma\/fr\/wp-json\/wp\/v2\/posts"}],"about":[{"href":"https:\/\/oulemag.ma\/fr\/wp-json\/wp\/v2\/types\/post"}],"author":[{"embeddable":true,"href":"https:\/\/oulemag.ma\/fr\/wp-json\/wp\/v2\/users\/2"}],"replies":[{"embeddable":true,"href":"https:\/\/oulemag.ma\/fr\/wp-json\/wp\/v2\/comments?post=6078"}],"version-history":[{"count":1,"href":"https:\/\/oulemag.ma\/fr\/wp-json\/wp\/v2\/posts\/6078\/revisions"}],"predecessor-version":[{"id":6080,"href":"https:\/\/oulemag.ma\/fr\/wp-json\/wp\/v2\/posts\/6078\/revisions\/6080"}],"wp:featuredmedia":[{"embeddable":true,"href":"https:\/\/oulemag.ma\/fr\/wp-json\/wp\/v2\/media\/6079"}],"wp:attachment":[{"href":"https:\/\/oulemag.ma\/fr\/wp-json\/wp\/v2\/media?parent=6078"}],"wp:term":[{"taxonomy":"category","embeddable":true,"href":"https:\/\/oulemag.ma\/fr\/wp-json\/wp\/v2\/categories?post=6078"},{"taxonomy":"post_tag","embeddable":true,"href":"https:\/\/oulemag.ma\/fr\/wp-json\/wp\/v2\/tags?post=6078"}],"curies":[{"name":"wp","href":"https:\/\/api.w.org\/{rel}","templated":true}]}}