{"id":6081,"date":"2026-03-10T14:21:06","date_gmt":"2026-03-10T13:21:06","guid":{"rendered":"https:\/\/oulemag.ma\/fr\/?p=6081"},"modified":"2026-03-10T14:23:14","modified_gmt":"2026-03-10T13:23:14","slug":"linstitut-al-mowafaqa-debat-du-jeune-dans-les-traditions-chretienne-et-musulmane","status":"publish","type":"post","link":"https:\/\/oulemag.ma\/fr\/linstitut-al-mowafaqa-debat-du-jeune-dans-les-traditions-chretienne-et-musulmane\/","title":{"rendered":"L\u2019Institut Al Mowafaqa d\u00e9bat du je\u00fbne dans les traditions chr\u00e9tienne et musulmane"},"content":{"rendered":"\n<p>L\u2019Institut Al Mowafaqa \u00e0 Rabat organise, le mardi 10 mars 2026 \u00e0 16h30, une rencontre consacr\u00e9e au th\u00e8me : <strong>\u00ab Je\u00fbne, partage et asc\u00e8se dans les traditions chr\u00e9tienne et musulmane \u00bb<\/strong>.<\/p>\n\n\n\n<p>\u00c0 travers cette th\u00e9matique, les intervenants proposeront une r\u00e9flexion crois\u00e9e sur le sens profond du je\u00fbne et des pratiques spirituelles dans les deux traditions religieuses. La rencontre s\u2019attachera notamment \u00e0 explorer comment ces temps de recueillement et de discipline spirituelle transforment le croyant et nourrissent sa relation \u00e0 Dieu ainsi qu\u2019\u00e0 autrui.<\/p>\n\n\n\n<p>Deux intervenants animeront cette conf\u00e9rence :<\/p>\n\n\n\n<ul class=\"wp-block-list\">\n<li>Dina Kadiri, docteure en droit public, \u00e9ditrice, pr\u00e9sentatrice sur la cha\u00eene Assadissa et directrice du Centre Ajial de la Rabita Mohamadia des Oul\u00e9mas ;<\/li>\n\n\n\n<li>Christophe Roucou, pr\u00eatre catholique, islamologue et responsable du service dioc\u00e9sain des relations \u0153cum\u00e9niques et interreligieuses, ainsi que directeur des \u00e9tudes \u00e0 l\u2019Institut Al Mowafaqa.<\/li>\n<\/ul>\n\n\n\n<p>La rencontre se tiendra au si\u00e8ge de l\u2019institut \u00e0 Rabat, avec une <strong>diffusion en ligne via Zoom<\/strong>, dont le lien est disponible sur le site de l\u2019institut ou sur demande \u00e0 l\u2019adresse : <a href=\"mailto:evenementiel@almowafaqa.com\">evenementiel@almowafaqa.com<\/a>.<\/p>\n","protected":false},"excerpt":{"rendered":"<p>L\u2019Institut Al Mowafaqa \u00e0 Rabat organise, le mardi 10 mars 2026 \u00e0 16h30, une rencontre consacr\u00e9e au th\u00e8me : \u00ab Je\u00fbne, partage et asc\u00e8se dans les traditions chr\u00e9tienne et musulmane \u00bb. \u00c0 travers cette th\u00e9matique, les intervenants proposeront une r\u00e9flexion crois\u00e9e sur le sens profond du je\u00fbne et des pratiques spirituelles dans les deux traditions &hellip;<\/p>\n","protected":false},"author":2,"featured_media":6082,"comment_status":"open","ping_status":"closed","sticky":false,"template":"","format":"standard","meta":{"advanced_seo_description":"","jetpack_seo_html_title":"","jetpack_seo_noindex":false,"_jetpack_memberships_contains_paid_content":false,"footnotes":""},"categories":[26,35],"tags":[51],"class_list":["post-6081","post","type-post","status-publish","format-standard","has-post-thumbnail","hentry","category-dialogues","category-slider","tag-institut-al-mowafaqa"],"jetpack_featured_media_url":"https:\/\/i0.wp.com\/oulemag.ma\/fr\/wp-content\/uploads\/2026\/03\/IMG-20260310-WA0023.jpg?fit=1123%2C915&ssl=1","jetpack_shortlink":"https:\/\/wp.me\/pfJc35-1A5","jetpack_sharing_enabled":true,"_links":{"self":[{"href":"https:\/\/oulemag.ma\/fr\/wp-json\/wp\/v2\/posts\/6081","targetHints":{"allow":["GET"]}}],"collection":[{"href":"https:\/\/oulemag.ma\/fr\/wp-json\/wp\/v2\/posts"}],"about":[{"href":"https:\/\/oulemag.ma\/fr\/wp-json\/wp\/v2\/types\/post"}],"author":[{"embeddable":true,"href":"https:\/\/oulemag.ma\/fr\/wp-json\/wp\/v2\/users\/2"}],"replies":[{"embeddable":true,"href":"https:\/\/oulemag.ma\/fr\/wp-json\/wp\/v2\/comments?post=6081"}],"version-history":[{"count":2,"href":"https:\/\/oulemag.ma\/fr\/wp-json\/wp\/v2\/posts\/6081\/revisions"}],"predecessor-version":[{"id":6085,"href":"https:\/\/oulemag.ma\/fr\/wp-json\/wp\/v2\/posts\/6081\/revisions\/6085"}],"wp:featuredmedia":[{"embeddable":true,"href":"https:\/\/oulemag.ma\/fr\/wp-json\/wp\/v2\/media\/6082"}],"wp:attachment":[{"href":"https:\/\/oulemag.ma\/fr\/wp-json\/wp\/v2\/media?parent=6081"}],"wp:term":[{"taxonomy":"category","embeddable":true,"href":"https:\/\/oulemag.ma\/fr\/wp-json\/wp\/v2\/categories?post=6081"},{"taxonomy":"post_tag","embeddable":true,"href":"https:\/\/oulemag.ma\/fr\/wp-json\/wp\/v2\/tags?post=6081"}],"curies":[{"name":"wp","href":"https:\/\/api.w.org\/{rel}","templated":true}]}}