{"id":6095,"date":"2026-03-10T16:17:36","date_gmt":"2026-03-10T15:17:36","guid":{"rendered":"https:\/\/oulemag.ma\/fr\/?p=6095"},"modified":"2026-03-10T16:17:41","modified_gmt":"2026-03-10T15:17:41","slug":"dar-el-hadith-el-hassania-organise-un-symposium-sur-la-biographie-du-prophete","status":"publish","type":"post","link":"https:\/\/oulemag.ma\/fr\/dar-el-hadith-el-hassania-organise-un-symposium-sur-la-biographie-du-prophete\/","title":{"rendered":"Dar El Hadith El Hassania organise un symposium sur la biographie du Proph\u00e8te"},"content":{"rendered":"\n<p>Dar El Hadith El Hassania, en partenariat avec l\u2019\u00c9cole nationale d\u2019informatique et d\u2019analyse des syst\u00e8mes, organise le mercredi 11 mars 2026, \u00e0 14h00, un symposium scientifique intitul\u00e9 : <strong>\u00ab\u202fLa biographie du Proph\u00e8te : un mod\u00e8le pour le d\u00e9veloppement humain et le progr\u00e8s national\u202f\u00bb<\/strong>, dans l\u2019amphith\u00e9\u00e2tre de l\u2019Institut \u00e0 Rabat.<\/p>\n\n\n\n<p>L\u2019\u00e9v\u00e9nement vise \u00e0 mettre en lumi\u00e8re les valeurs civilisationnelles de la biographie du Proph\u00e8te Mohammad (paix et b\u00e9n\u00e9dictions sur lui) et \u00e0 s\u2019inspirer de ses enseignements pour promouvoir le d\u00e9veloppement humain et renforcer les voies de progr\u00e8s au sein des soci\u00e9t\u00e9s. Cette initiative s\u2019inscrit dans la comm\u00e9moration du<a href=\"https:\/\/oulemag.ma\/fr\/amir-al-mouminine-adresse-une-lettre-au-conseil-superieur-des-oulemas-sur-la-commemoration-du-15%e1%b5%89-centenaire-de-la-naissance-du-prophete-sidna-mohammed\/\" data-type=\"link\" data-id=\"https:\/\/oulemag.ma\/fr\/amir-al-mouminine-adresse-une-lettre-au-conseil-superieur-des-oulemas-sur-la-commemoration-du-15%e1%b5%89-centenaire-de-la-naissance-du-prophete-sidna-mohammed\/\" target=\"_blank\" rel=\"noreferrer noopener\"><strong> 15e si\u00e8cle de la naissance du Proph\u00e8te<\/strong><\/a>, conform\u00e9ment aux directives du Message Royal.<\/p>\n\n\n\n<p>Le programme d\u00e9butera par la r\u00e9citation de versets du Saint Coran, suivie de l\u2019hymne national, puis des allocutions du directeur de l&rsquo;Insitut,<strong> Abdelhamid Ashaq,<\/strong> et du directeur de l\u2019\u00c9cole nationale, <strong>Amin Barqia.<\/strong><\/p>\n\n\n\n<p>Trois interventions scientifiques seront ensuite pr\u00e9sent\u00e9es\u202f:<\/p>\n\n\n\n<ul class=\"wp-block-list\">\n<li><strong>Mohammad Nasiri<\/strong>, professeur de hadiths, abordera \u00ab\u202fLa naissance de la soci\u00e9t\u00e9 du message : m\u00e9thodologie et fruits\u202f\u00bb.<\/li>\n\n\n\n<li><strong>Ahmed Sennouni<\/strong>, professeur de jurisprudence islamique (Fiqh) et d&rsquo;objectifs du droit islamique (Maqasid al-Shari&rsquo;ah), \u00ab\u202fManifestations de la m\u00e9thodologie scientifique dans la biographie proph\u00e9tique\u202f\u00bb.<\/li>\n\n\n\n<li><strong>Boushta Zanfoufi<\/strong>, professeur de hadiths, traitera \u00ab\u202fLes enseignements proph\u00e9tiques pour g\u00e9rer les diff\u00e9rends et rejeter la violence\u202f\u00bb.<\/li>\n<\/ul>\n\n\n\n<p>Ce symposium ambitionne de <strong>faire rayonner les dimensions humaines et sociales de la vie du Proph\u00e8te<\/strong> comme mod\u00e8le notre soci\u00e9t\u00e9 contemporaine.<\/p>\n","protected":false},"excerpt":{"rendered":"<p>Dar El Hadith El Hassania, en partenariat avec l\u2019\u00c9cole nationale d\u2019informatique et d\u2019analyse des syst\u00e8mes, organise le mercredi 11 mars 2026, \u00e0 14h00, un symposium scientifique intitul\u00e9 : \u00ab\u202fLa biographie du Proph\u00e8te : un mod\u00e8le pour le d\u00e9veloppement humain et le progr\u00e8s national\u202f\u00bb, dans l\u2019amphith\u00e9\u00e2tre de l\u2019Institut \u00e0 Rabat. L\u2019\u00e9v\u00e9nement vise \u00e0 mettre en lumi\u00e8re &hellip;<\/p>\n","protected":false},"author":2,"featured_media":5963,"comment_status":"open","ping_status":"closed","sticky":false,"template":"","format":"standard","meta":{"advanced_seo_description":"","jetpack_seo_html_title":"","jetpack_seo_noindex":false,"_jetpack_memberships_contains_paid_content":false,"footnotes":""},"categories":[1,35],"tags":[67],"class_list":["post-6095","post","type-post","status-publish","format-standard","has-post-thumbnail","hentry","category-maroc","category-slider","tag-dar-el-hadith-el-hassania"],"jetpack_featured_media_url":"https:\/\/i0.wp.com\/oulemag.ma\/fr\/wp-content\/uploads\/2026\/02\/%D8%AF%D8%A7%D8%B1-%D8%A7%D9%84%D8%AD%D8%AF%D9%8A%D8%AB-%D8%A7%D9%84%D8%AD%D8%B3%D9%86%D9%8A%D8%A9.jpg?fit=568%2C434&ssl=1","jetpack_shortlink":"https:\/\/wp.me\/pfJc35-1Aj","jetpack_sharing_enabled":true,"_links":{"self":[{"href":"https:\/\/oulemag.ma\/fr\/wp-json\/wp\/v2\/posts\/6095","targetHints":{"allow":["GET"]}}],"collection":[{"href":"https:\/\/oulemag.ma\/fr\/wp-json\/wp\/v2\/posts"}],"about":[{"href":"https:\/\/oulemag.ma\/fr\/wp-json\/wp\/v2\/types\/post"}],"author":[{"embeddable":true,"href":"https:\/\/oulemag.ma\/fr\/wp-json\/wp\/v2\/users\/2"}],"replies":[{"embeddable":true,"href":"https:\/\/oulemag.ma\/fr\/wp-json\/wp\/v2\/comments?post=6095"}],"version-history":[{"count":1,"href":"https:\/\/oulemag.ma\/fr\/wp-json\/wp\/v2\/posts\/6095\/revisions"}],"predecessor-version":[{"id":6096,"href":"https:\/\/oulemag.ma\/fr\/wp-json\/wp\/v2\/posts\/6095\/revisions\/6096"}],"wp:featuredmedia":[{"embeddable":true,"href":"https:\/\/oulemag.ma\/fr\/wp-json\/wp\/v2\/media\/5963"}],"wp:attachment":[{"href":"https:\/\/oulemag.ma\/fr\/wp-json\/wp\/v2\/media?parent=6095"}],"wp:term":[{"taxonomy":"category","embeddable":true,"href":"https:\/\/oulemag.ma\/fr\/wp-json\/wp\/v2\/categories?post=6095"},{"taxonomy":"post_tag","embeddable":true,"href":"https:\/\/oulemag.ma\/fr\/wp-json\/wp\/v2\/tags?post=6095"}],"curies":[{"name":"wp","href":"https:\/\/api.w.org\/{rel}","templated":true}]}}