{"id":6511,"date":"2026-04-21T12:37:16","date_gmt":"2026-04-21T11:37:16","guid":{"rendered":"https:\/\/oulemag.ma\/fr\/?p=6511"},"modified":"2026-04-21T12:48:25","modified_gmt":"2026-04-21T11:48:25","slug":"ethiopie-addis-abeba-accueille-les-eliminatoires-du-concours-de-memorisation-du-coran","status":"publish","type":"post","link":"https:\/\/oulemag.ma\/fr\/ethiopie-addis-abeba-accueille-les-eliminatoires-du-concours-de-memorisation-du-coran\/","title":{"rendered":"\u00c9thiopie: Addis-Abeba accueille les \u00e9liminatoires du concours de m\u00e9morisation du Coran"},"content":{"rendered":"\n<p>Organis\u00e9es \u00e0 Addis-Abeba le 18 avril 2026, les \u00e9liminatoires de la septi\u00e8me \u00e9dition du concours de m\u00e9morisation, de psalmodie et de r\u00e9citation du Saint Coran ont \u00e9t\u00e9 tenues \u00e0 l\u2019initiative de la Fondation Mohammed VI des Oul\u00e9ma Africains, en partenariat avec le Conseil supr\u00eame des affaires islamiques en \u00c9thiopie, en vue de s\u00e9lectionner les candidats appel\u00e9s \u00e0 repr\u00e9senter la branche \u00e9thiopienne lors des phases finales \u00e0 l\u2019\u00e9chelle du continent africain.<\/p>\n\n\n\n<p>Ces \u00e9liminatoires ont connu la participation d\u2019environ 50 candidats, issus de diff\u00e9rentes r\u00e9gions du pays, qui ont concouru dans trois cat\u00e9gories : la m\u00e9morisation compl\u00e8te avec r\u00e9citation selon la lecture Warsh \u2018an Nafi\u2018, la m\u00e9morisation avec diff\u00e9rentes lectures et variantes, ainsi que la cat\u00e9gorie du tajwid avec au moins cinq hizb m\u00e9moris\u00e9s.<\/p>\n\n\n\n<p>Les \u00e9preuves se sont d\u00e9roul\u00e9es dans une atmosph\u00e8re empreinte de spiritualit\u00e9, refl\u00e9tant l\u2019attachement des participants au Livre Saint et leur souci de ma\u00eetriser les r\u00e8gles de r\u00e9citation et de psalmodie.<\/p>\n\n\n\n<p>Un jury compos\u00e9 de six \u00e9rudits et sp\u00e9cialistes des sciences du Coran a supervis\u00e9 cette comp\u00e9tition, \u00e9valuant les performances des candidats selon des crit\u00e8res pr\u00e9cis portant sur la qualit\u00e9 de la m\u00e9morisation, la justesse de la r\u00e9citation et le respect des r\u00e8gles du tajwid.<\/p>\n\n\n\n<p>Les r\u00e9sultats ont \u00e9t\u00e9 annonc\u00e9s comme suit :<\/p>\n\n\n\n<ul class=\"wp-block-list\">\n<li>Mohamed Amine Abdallah, laur\u00e9at dans la cat\u00e9gorie de la m\u00e9morisation compl\u00e8te avec r\u00e9citation selon Warsh ;<\/li>\n\n\n\n<li>Rabia Ismail Hassan, laur\u00e9ate dans la cat\u00e9gorie de la m\u00e9morisation compl\u00e8te avec diff\u00e9rentes lectures ;<\/li>\n\n\n\n<li>Nejash Bachir Ayamka, laur\u00e9at dans la cat\u00e9gorie du tajwid avec au moins cinq hizb.<\/li>\n<\/ul>\n\n\n\n<p>Dans une allocution prononc\u00e9e \u00e0 cette occasion, le directeur financier de la Fondation, Othman Sqalli Houssaini, a soulign\u00e9 que cette manifestation constitue, au fil des \u00e9ditions, une plateforme spirituelle pour la d\u00e9couverte et la promotion des talents africains dans le domaine de la m\u00e9morisation du Coran, s\u2019inscrivant dans une vision globale visant \u00e0 servir l\u2019islam et \u00e0 promouvoir ses valeurs de tol\u00e9rance.<\/p>\n\n\n\n<p>De son c\u00f4t\u00e9, l\u2019ambassadrice du Royaume du Maroc en \u00c9thiopie, Nezha Alaoui Mhammedi, a affirm\u00e9 que l\u2019organisation de ce concours \u00e0 Addis-Abeba illustre la profondeur des relations spirituelles et culturelles entre les deux pays, et refl\u00e8te l\u2019engagement du Royaume, sous la conduite du commandeur des croyants le Roi Mohammed VI, \u00e0 promouvoir les valeurs de mod\u00e9ration et de juste milieu.<\/p>\n\n\n\n<p>Les responsables du Conseil supr\u00eame des affaires islamiques en \u00c9thiopie ont, pour leur part, salu\u00e9 cette initiative, mettant en avant la solidit\u00e9 du partenariat avec la Fondation et le r\u00f4le majeur du Maroc dans la promotion des valeurs de l\u2019islam mod\u00e9r\u00e9.<\/p>\n\n\n\n<p>\u00c0 travers l\u2019organisation de ce concours coranique, la Fondation Mohammed VI des Oul\u00e9ma Africains vise \u00e0 renforcer l\u2019attachement des jeunes africains au Saint Coran et \u00e0 encourager sa m\u00e9morisation, sa r\u00e9citation et sa psalmodie, contribuant ainsi \u00e0 l\u2019ancrage des valeurs spirituelles et \u00e9thiques au sein des soci\u00e9t\u00e9s africaines.<\/p>\n","protected":false},"excerpt":{"rendered":"<p>Organis\u00e9es \u00e0 Addis-Abeba le 18 avril 2026, les \u00e9liminatoires de la septi\u00e8me \u00e9dition du concours de m\u00e9morisation, de psalmodie et de r\u00e9citation du Saint Coran ont \u00e9t\u00e9 tenues \u00e0 l\u2019initiative de la Fondation Mohammed VI des Oul\u00e9ma Africains, en partenariat avec le Conseil supr\u00eame des affaires islamiques en \u00c9thiopie, en vue de s\u00e9lectionner les candidats &hellip;<\/p>\n","protected":false},"author":2,"featured_media":6512,"comment_status":"open","ping_status":"closed","sticky":false,"template":"","format":"standard","meta":{"advanced_seo_description":"","jetpack_seo_html_title":"","jetpack_seo_noindex":false,"_jetpack_memberships_contains_paid_content":false,"footnotes":""},"categories":[2,35],"tags":[42],"class_list":["post-6511","post","type-post","status-publish","format-standard","has-post-thumbnail","hentry","category-afrique","category-slider","tag-fondation-mohammed-vi-des-oulema-africains"],"jetpack_featured_media_url":"https:\/\/i0.wp.com\/oulemag.ma\/fr\/wp-content\/uploads\/2026\/04\/%D8%A3%D8%AF%D9%8A%D8%B3-%D8%A3%D8%A8%D8%A7%D8%A8%D8%A7-%D8%AA%D8%AD%D8%AA%D8%B6%D9%86-%D8%A5%D9%82%D8%B5%D8%A7%D8%A6%D9%8A%D8%A7%D8%AA-%D9%85%D8%B3%D8%A7%D8%A8%D9%82%D8%A9-%D9%85%D8%A4%D8%B3%D8%B3%D8%A9-%D9%85%D8%AD%D9%85%D8%AF-%D8%A7%D9%84%D8%B3%D8%A7%D8%AF%D8%B3-%D9%84%D9%84%D8%B9%D9%84%D9%85%D8%A7%D8%A1-%D8%A7%D9%84%D8%A3%D9%81%D8%A7%D8%B1%D9%82%D8%A9-%D9%81%D9%8A-%D8%AD%D9%81%D8%B8-%D8%A7%D9%84%D9%82%D8%B1%D8%A2%D9%86-%D8%A7%D9%84%D9%83%D8%B1%D9%8A%D9%85.jpg?fit=1170%2C659&ssl=1","jetpack_shortlink":"https:\/\/wp.me\/pfJc35-1H1","jetpack_sharing_enabled":true,"_links":{"self":[{"href":"https:\/\/oulemag.ma\/fr\/wp-json\/wp\/v2\/posts\/6511","targetHints":{"allow":["GET"]}}],"collection":[{"href":"https:\/\/oulemag.ma\/fr\/wp-json\/wp\/v2\/posts"}],"about":[{"href":"https:\/\/oulemag.ma\/fr\/wp-json\/wp\/v2\/types\/post"}],"author":[{"embeddable":true,"href":"https:\/\/oulemag.ma\/fr\/wp-json\/wp\/v2\/users\/2"}],"replies":[{"embeddable":true,"href":"https:\/\/oulemag.ma\/fr\/wp-json\/wp\/v2\/comments?post=6511"}],"version-history":[{"count":2,"href":"https:\/\/oulemag.ma\/fr\/wp-json\/wp\/v2\/posts\/6511\/revisions"}],"predecessor-version":[{"id":6519,"href":"https:\/\/oulemag.ma\/fr\/wp-json\/wp\/v2\/posts\/6511\/revisions\/6519"}],"wp:featuredmedia":[{"embeddable":true,"href":"https:\/\/oulemag.ma\/fr\/wp-json\/wp\/v2\/media\/6512"}],"wp:attachment":[{"href":"https:\/\/oulemag.ma\/fr\/wp-json\/wp\/v2\/media?parent=6511"}],"wp:term":[{"taxonomy":"category","embeddable":true,"href":"https:\/\/oulemag.ma\/fr\/wp-json\/wp\/v2\/categories?post=6511"},{"taxonomy":"post_tag","embeddable":true,"href":"https:\/\/oulemag.ma\/fr\/wp-json\/wp\/v2\/tags?post=6511"}],"curies":[{"name":"wp","href":"https:\/\/api.w.org\/{rel}","templated":true}]}}