{"id":6514,"date":"2026-04-21T12:46:24","date_gmt":"2026-04-21T11:46:24","guid":{"rendered":"https:\/\/oulemag.ma\/fr\/?p=6514"},"modified":"2026-04-21T12:46:59","modified_gmt":"2026-04-21T11:46:59","slug":"fes-la-29e-edition-du-festival-des-musiques-sacrees-du-monde-celebre-les-maalemines","status":"publish","type":"post","link":"https:\/\/oulemag.ma\/fr\/fes-la-29e-edition-du-festival-des-musiques-sacrees-du-monde-celebre-les-maalemines\/","title":{"rendered":"F\u00e8s : la 29e \u00e9dition du Festival des Musiques Sacr\u00e9es du Monde c\u00e9l\u00e8bre les M\u00e2alemines"},"content":{"rendered":"\n<p>La 29e \u00e9dition du Festival de F\u00e8s des Musiques Sacr\u00e9es du Monde se tiendra du 4 au 7 juin 2026 \u00e0 F\u00e8s, sous le Haut Patronage de Mohammed VI.<\/p>\n\n\n\n<p>Cette \u00e9dition mettra \u00e0 l\u2019honneur les <strong>M\u00e2alemines <\/strong><strong>(\u0627\u0644\u0645\u0639\u0644\u0645\u064a\u0646)<\/strong>, artisans et gardiens des savoir-faire traditionnels, en soulignant leur r\u00f4le dans la transmission du patrimoine culturel et spirituel.<\/p>\n\n\n\n<p>Le programme pr\u00e9voit 18 spectacles r\u00e9unissant plus de 160 artistes, avec des repr\u00e9sentations dans plusieurs lieux embl\u00e9matiques de la ville, dont Bab Makina pour le spectacle d\u2019ouverture.<\/p>\n\n\n\n<p>Le festival poursuit \u00e9galement sa mission de dialogue interculturel et de diplomatie culturelle, en valorisant les \u00e9changes internationaux, notamment avec l\u2019Allemagne, et en proposant des cr\u00e9ations musicales originales.<\/p>\n\n\n\n<p>Enfin, il inclut des initiatives de soutien aux jeunes talents dans les m\u00e9tiers cr\u00e9atifs ainsi que des forums et expositions consacr\u00e9s aux liens entre arts, sciences et traditions artisanales.<\/p>\n","protected":false},"excerpt":{"rendered":"<p>La 29e \u00e9dition du Festival de F\u00e8s des Musiques Sacr\u00e9es du Monde se tiendra du 4 au 7 juin 2026 \u00e0 F\u00e8s, sous le Haut Patronage de Mohammed VI. Cette \u00e9dition mettra \u00e0 l\u2019honneur les M\u00e2alemines (\u0627\u0644\u0645\u0639\u0644\u0645\u064a\u0646), artisans et gardiens des savoir-faire traditionnels, en soulignant leur r\u00f4le dans la transmission du patrimoine culturel et spirituel. &hellip;<\/p>\n","protected":false},"author":2,"featured_media":6516,"comment_status":"open","ping_status":"closed","sticky":false,"template":"","format":"standard","meta":{"advanced_seo_description":"","jetpack_seo_html_title":"","jetpack_seo_noindex":false,"_jetpack_memberships_contains_paid_content":false,"footnotes":""},"categories":[72,35],"tags":[],"class_list":["post-6514","post","type-post","status-publish","format-standard","has-post-thumbnail","hentry","category-culture","category-slider"],"jetpack_featured_media_url":"https:\/\/i0.wp.com\/oulemag.ma\/fr\/wp-content\/uploads\/2026\/04\/Fes-KV-3-web-1-1536x969-2.jpg?fit=666%2C398&ssl=1","jetpack_shortlink":"https:\/\/wp.me\/pfJc35-1H4","jetpack_sharing_enabled":true,"_links":{"self":[{"href":"https:\/\/oulemag.ma\/fr\/wp-json\/wp\/v2\/posts\/6514","targetHints":{"allow":["GET"]}}],"collection":[{"href":"https:\/\/oulemag.ma\/fr\/wp-json\/wp\/v2\/posts"}],"about":[{"href":"https:\/\/oulemag.ma\/fr\/wp-json\/wp\/v2\/types\/post"}],"author":[{"embeddable":true,"href":"https:\/\/oulemag.ma\/fr\/wp-json\/wp\/v2\/users\/2"}],"replies":[{"embeddable":true,"href":"https:\/\/oulemag.ma\/fr\/wp-json\/wp\/v2\/comments?post=6514"}],"version-history":[{"count":2,"href":"https:\/\/oulemag.ma\/fr\/wp-json\/wp\/v2\/posts\/6514\/revisions"}],"predecessor-version":[{"id":6518,"href":"https:\/\/oulemag.ma\/fr\/wp-json\/wp\/v2\/posts\/6514\/revisions\/6518"}],"wp:featuredmedia":[{"embeddable":true,"href":"https:\/\/oulemag.ma\/fr\/wp-json\/wp\/v2\/media\/6516"}],"wp:attachment":[{"href":"https:\/\/oulemag.ma\/fr\/wp-json\/wp\/v2\/media?parent=6514"}],"wp:term":[{"taxonomy":"category","embeddable":true,"href":"https:\/\/oulemag.ma\/fr\/wp-json\/wp\/v2\/categories?post=6514"},{"taxonomy":"post_tag","embeddable":true,"href":"https:\/\/oulemag.ma\/fr\/wp-json\/wp\/v2\/tags?post=6514"}],"curies":[{"name":"wp","href":"https:\/\/api.w.org\/{rel}","templated":true}]}}