{"id":6564,"date":"2026-04-26T20:20:40","date_gmt":"2026-04-26T19:20:40","guid":{"rendered":"https:\/\/oulemag.ma\/fr\/?p=6564"},"modified":"2026-04-26T20:21:15","modified_gmt":"2026-04-26T19:21:15","slug":"rabat-accueille-un-colloque-international-sur-le-role-de-ledition-dans-la-securite-intellectuelle-et-societale","status":"publish","type":"post","link":"https:\/\/oulemag.ma\/fr\/rabat-accueille-un-colloque-international-sur-le-role-de-ledition-dans-la-securite-intellectuelle-et-societale\/","title":{"rendered":"Rabat accueille un colloque international sur le r\u00f4le de l\u2019\u00e9dition dans la s\u00e9curit\u00e9 intellectuelle et soci\u00e9tale"},"content":{"rendered":"\n<p>L\u2019Organisation du Monde Islamique pour l\u2019\u00c9ducation, les Sciences et la Culture, en partenariat avec l\u2019Universit\u00e9 arabe Naif des sciences de la s\u00e9curit\u00e9, organise les 27 et 28 avril 2026 un colloque international intitul\u00e9 <em>\u00ab L\u2019\u00e9dition et la s\u00e9curit\u00e9 : le r\u00f4le de l\u2019industrie de l\u2019\u00e9dition dans le renforcement de la conscience soci\u00e9tale et de la s\u00e9curit\u00e9 intellectuelle \u00bb<\/em>, avec la participation d\u2019un groupe d\u2019\u00e9lite de responsables, d\u2019experts et de chercheurs issus du monde islamique et d\u2019autres r\u00e9gions du monde.<\/p>\n\n\n\n<p>D\u2019apr\u00e8s <strong>un communiqu\u00e9 de l\u2019ICESCO,<\/strong> cette rencontre vise \u00e0 mettre en lumi\u00e8re les r\u00f4les croissants de l\u2019industrie de l\u2019\u00e9dition face aux d\u00e9fis intellectuels et culturels contemporains, ainsi qu\u2019\u00e0 promouvoir la s\u00e9curit\u00e9 intellectuelle et soci\u00e9tale \u00e0 travers un contenu responsable favorisant les valeurs de tol\u00e9rance et d\u2019ouverture, et contribuant \u00e0 la lutte contre les discours de haine, l\u2019extr\u00e9misme et la d\u00e9sinformation dans les espaces traditionnels et num\u00e9riques.<\/p>\n\n\n\n<p>Le communiqu\u00e9 pr\u00e9cise que la s\u00e9ance d\u2019ouverture sera marqu\u00e9e par des allocutions de ministres et de responsables autour de l\u2019importance de l\u2019int\u00e9gration entre institutions culturelles, acad\u00e9miques et s\u00e9curitaires, avant six sessions th\u00e9matiques consacr\u00e9es notamment \u00e0 l\u2019\u00e9dition et la s\u00e9curit\u00e9 intellectuelle, \u00e0 la d\u00e9sinformation, \u00e0 l\u2019\u00e9dition num\u00e9rique et \u00e0 la s\u00e9curit\u00e9 de l\u2019information, ainsi qu\u2019au r\u00f4le des biblioth\u00e8ques dans la s\u00e9curit\u00e9 cognitive.<\/p>\n\n\n\n<p>Selon l\u2019ICESCO, un atelier de formation sp\u00e9cialis\u00e9 sera \u00e9galement organis\u00e9 \u00e0 l\u2019issue des travaux sous le th\u00e8me <em>\u00ab \u00c9dition et s\u00e9curit\u00e9 intellectuelle : de la protection des contenus \u00e0 la construction de la conscience soci\u00e9tale \u00bb<\/em>, avec pour objectif de d\u00e9velopper des comp\u00e9tences pratiques en gestion de contenu et de renforcer les approches de sensibilisation face aux d\u00e9fis informationnels contemporains.<\/p>\n\n\n\n<p>Le communiqu\u00e9 indique enfin que les personnes souhaitant participer aux travaux du colloque et \u00e0 l\u2019atelier peuvent s\u2019inscrire via les codes QR d\u00e9di\u00e9s \u00e0 chaque activit\u00e9. Cette initiative illustre, selon l\u2019ICESCO, l\u2019importance croissante du secteur de l\u2019\u00e9dition dans le renforcement de la conscience soci\u00e9tale et de la s\u00e9curit\u00e9 intellectuelle.<\/p>\n","protected":false},"excerpt":{"rendered":"<p>L\u2019Organisation du Monde Islamique pour l\u2019\u00c9ducation, les Sciences et la Culture, en partenariat avec l\u2019Universit\u00e9 arabe Naif des sciences de la s\u00e9curit\u00e9, organise les 27 et 28 avril 2026 un colloque international intitul\u00e9 \u00ab L\u2019\u00e9dition et la s\u00e9curit\u00e9 : le r\u00f4le de l\u2019industrie de l\u2019\u00e9dition dans le renforcement de la conscience soci\u00e9tale et de la &hellip;<\/p>\n","protected":false},"author":2,"featured_media":6565,"comment_status":"open","ping_status":"closed","sticky":false,"template":"","format":"standard","meta":{"advanced_seo_description":"","jetpack_seo_html_title":"","jetpack_seo_noindex":false,"_jetpack_memberships_contains_paid_content":false,"footnotes":""},"categories":[72,35],"tags":[],"class_list":["post-6564","post","type-post","status-publish","format-standard","has-post-thumbnail","hentry","category-culture","category-slider"],"jetpack_featured_media_url":"https:\/\/i0.wp.com\/oulemag.ma\/fr\/wp-content\/uploads\/2026\/04\/Capture-10.jpg?fit=736%2C413&ssl=1","jetpack_shortlink":"https:\/\/wp.me\/pfJc35-1HS","jetpack_sharing_enabled":true,"_links":{"self":[{"href":"https:\/\/oulemag.ma\/fr\/wp-json\/wp\/v2\/posts\/6564","targetHints":{"allow":["GET"]}}],"collection":[{"href":"https:\/\/oulemag.ma\/fr\/wp-json\/wp\/v2\/posts"}],"about":[{"href":"https:\/\/oulemag.ma\/fr\/wp-json\/wp\/v2\/types\/post"}],"author":[{"embeddable":true,"href":"https:\/\/oulemag.ma\/fr\/wp-json\/wp\/v2\/users\/2"}],"replies":[{"embeddable":true,"href":"https:\/\/oulemag.ma\/fr\/wp-json\/wp\/v2\/comments?post=6564"}],"version-history":[{"count":1,"href":"https:\/\/oulemag.ma\/fr\/wp-json\/wp\/v2\/posts\/6564\/revisions"}],"predecessor-version":[{"id":6566,"href":"https:\/\/oulemag.ma\/fr\/wp-json\/wp\/v2\/posts\/6564\/revisions\/6566"}],"wp:featuredmedia":[{"embeddable":true,"href":"https:\/\/oulemag.ma\/fr\/wp-json\/wp\/v2\/media\/6565"}],"wp:attachment":[{"href":"https:\/\/oulemag.ma\/fr\/wp-json\/wp\/v2\/media?parent=6564"}],"wp:term":[{"taxonomy":"category","embeddable":true,"href":"https:\/\/oulemag.ma\/fr\/wp-json\/wp\/v2\/categories?post=6564"},{"taxonomy":"post_tag","embeddable":true,"href":"https:\/\/oulemag.ma\/fr\/wp-json\/wp\/v2\/tags?post=6564"}],"curies":[{"name":"wp","href":"https:\/\/api.w.org\/{rel}","templated":true}]}}