{"id":6567,"date":"2026-04-27T11:16:57","date_gmt":"2026-04-27T10:16:57","guid":{"rendered":"https:\/\/oulemag.ma\/fr\/?p=6567"},"modified":"2026-04-27T11:18:47","modified_gmt":"2026-04-27T10:18:47","slug":"licesco-celebre-dix-millions-de-visiteurs-au-musee-international-de-la-sirah-a-rabat","status":"publish","type":"post","link":"https:\/\/oulemag.ma\/fr\/licesco-celebre-dix-millions-de-visiteurs-au-musee-international-de-la-sirah-a-rabat\/","title":{"rendered":"L\u2019ICESCO c\u00e9l\u00e8bre dix millions de visiteurs au Mus\u00e9e international de la S\u00eerah \u00e0 Rabat"},"content":{"rendered":"\n<p>L\u2019Organisation du monde islamique pour l\u2019\u00e9ducation, les sciences et la culture (ICESCO) a c\u00e9l\u00e9br\u00e9, dimanche 26 avril 2026 \u00e0 Rabat, le cap des dix millions de visiteurs de l&rsquo;Exposition et Mus\u00e9e international de la S\u00eerah du Proph\u00e8te et de la civilisation islamique, lors d\u2019une c\u00e9r\u00e9monie marqu\u00e9e par la pr\u00e9sence d\u2019un parterre d\u2019oul\u00e9mas, de responsables et de figures du monde intellectuel et culturel.<\/p>\n\n\n\n<p>Organis\u00e9 en partenariat avec la Ligue du monde islamique (LMI) et la Rabita Mohammadia des Oul\u00e9mas, cet \u00e9v\u00e9nement culturel vise \u00e0 mettre en lumi\u00e8re les dimensions civilisationnelles et scientifiques de la Sira, tout en promouvant les valeurs de mod\u00e9ration, de coexistence et de paix, \u00e0 travers un contenu \u00e0 la fois p\u00e9dagogique et interactif, retra\u00e7ant les grandes \u00e9tapes de la vie du Proph\u00e8te Sidna Mohammed.<\/p>\n\n\n\n<p>A cette occasion, le ministre des Habous et des Affaires islamiques, Ahmed Toufiq, a soulign\u00e9 que la pr\u00e9sentation de la Sira \u00e0 travers des supports concrets et immersifs constitue une initiative louable, en phase avec les modes d\u2019expression contemporains, permettant aux jeunes g\u00e9n\u00e9rations d\u2019appr\u00e9hender visuellement la vie du Proph\u00e8te.<\/p>\n\n\n\n<p>Dans une allocution enregistr\u00e9e, le ministre a rappel\u00e9 la Lettre adress\u00e9e par le Roi Mohammed VI, Amir Al-Mouminine, au Conseil Sup\u00e9rieur des Oul\u00e9mas au sujet de la comm\u00e9moration de l\u2019anniversaire du 15e si\u00e8cle de la naissance du Proph\u00e8te Sidna Mohammed, que la Pri\u00e8re et la Paix soient sur Lui, mettant en exergue l\u2019amour sinc\u00e8re des Marocains pour la noble personne du Proph\u00e8te.<\/p>\n\n\n\n<p>Pour sa part, le Directeur g\u00e9n\u00e9ral de l\u2019ICESCO, Salem bin Mohammed Al-Malik, a not\u00e9 que ce cap des dix millions de visiteurs t\u00e9moigne de l\u2019amour et de la v\u00e9n\u00e9ration que portent les Marocains et tous les visiteurs \u00e0 la personne du Proph\u00e8te.<\/p>\n\n\n\n<p>Dans une d\u00e9claration \u00e0 la presse, il a pr\u00e9cis\u00e9 que ce succ\u00e8s s\u2019inscrit dans le cadre d\u2019un partenariat strat\u00e9gique exemplaire entre l\u2019ICESCO, la LMI et la Rabita Mohammadia des Oul\u00e9mas.<\/p>\n\n\n\n<p>Le Secr\u00e9taire g\u00e9n\u00e9ral de la LMI, Mohammed bin Abdulkarim Al-Issa, a quant \u00e0 lui indiqu\u00e9 que le mus\u00e9e vise \u00e0 pr\u00e9senter la Sira sous forme d\u2019exp\u00e9riences interactives bas\u00e9es sur les technologies de pointe, transformant ainsi un r\u00e9cit textuel en une exp\u00e9rience visuelle.<\/p>\n\n\n\n<p>Le signe du mus\u00e9e, \u00ab\u00a0La Sira comme si vous la viviez\u00a0\u00bb, traduit parfaitement cette d\u00e9marche, a-t-il ajout\u00e9, soulignant que la visite permet de transporter \u00ab\u00a0l\u2019esprit et l\u2019\u00e9motion\u00a0\u00bb au c\u0153ur de l&rsquo;\u00e9poque du Proph\u00e8te, gr\u00e2ce \u00e0 une m\u00e9diation technologique avanc\u00e9e.<\/p>\n\n\n\n<p>De son c\u00f4t\u00e9, le Secr\u00e9taire g\u00e9n\u00e9ral de la Rabita Mohammadia des Oul\u00e9mas, Ahmed Abbadi, a pr\u00e9cis\u00e9 que le mus\u00e9e s\u2019articule autour de trois p\u00f4les principaux, \u00e0 savoir \u00ab\u00a0l\u2019exposition et le mus\u00e9e international de la S\u00eerah du Proph\u00e8te et de la civilisation islamique\u00a0\u00bb et le \u00ab\u00a0Panorama de la chambre du Noble Proph\u00e8te\u00a0\u00bb, ainsi que le pavillon \u00ab\u00a0L\u2019attachement des Marocains au Noble Proph\u00e8te, symbole d\u2019amour et de fid\u00e9lit\u00e9\u00a0\u00bb.<\/p>\n\n\n\n<p>Cette initiative a pour objectif de rapprocher la Sira du grand public, en favorisant un lien \u00e0 la fois spirituel et \u00e9motionnel, propice \u00e0 une meilleure appropriation des enseignements du Proph\u00e8te, a-t-il fait remarquer.<\/p>\n\n\n\n<p>La c\u00e9r\u00e9monie a notamment \u00e9t\u00e9 marqu\u00e9e par l\u2019inauguration de nouveaux espaces, ainsi que par une table ronde r\u00e9unissant experts et universitaires autour des dimensions civilisationnelles et scientifiques de la Sira et de son r\u00f4le dans la consolidation des valeurs de mod\u00e9ration, de coexistence et de paix, outre la c\u00e9l\u00e9bration symbolique du dix-millioni\u00e8me visiteur.<\/p>\n\n\n\n<p>Source: MAP<\/p>\n","protected":false},"excerpt":{"rendered":"<p>L\u2019Organisation du monde islamique pour l\u2019\u00e9ducation, les sciences et la culture (ICESCO) a c\u00e9l\u00e9br\u00e9, dimanche 26 avril 2026 \u00e0 Rabat, le cap des dix millions de visiteurs de l&rsquo;Exposition et Mus\u00e9e international de la S\u00eerah du Proph\u00e8te et de la civilisation islamique, lors d\u2019une c\u00e9r\u00e9monie marqu\u00e9e par la pr\u00e9sence d\u2019un parterre d\u2019oul\u00e9mas, de responsables et &hellip;<\/p>\n","protected":false},"author":2,"featured_media":6568,"comment_status":"open","ping_status":"closed","sticky":false,"template":"","format":"standard","meta":{"advanced_seo_description":"","jetpack_seo_html_title":"","jetpack_seo_noindex":false,"_jetpack_memberships_contains_paid_content":false,"footnotes":""},"categories":[1,35],"tags":[],"class_list":["post-6567","post","type-post","status-publish","format-standard","has-post-thumbnail","hentry","category-maroc","category-slider"],"jetpack_featured_media_url":"https:\/\/i0.wp.com\/oulemag.ma\/fr\/wp-content\/uploads\/2026\/04\/Capture-11.jpg?fit=752%2C456&ssl=1","jetpack_shortlink":"https:\/\/wp.me\/pfJc35-1HV","jetpack_sharing_enabled":true,"_links":{"self":[{"href":"https:\/\/oulemag.ma\/fr\/wp-json\/wp\/v2\/posts\/6567","targetHints":{"allow":["GET"]}}],"collection":[{"href":"https:\/\/oulemag.ma\/fr\/wp-json\/wp\/v2\/posts"}],"about":[{"href":"https:\/\/oulemag.ma\/fr\/wp-json\/wp\/v2\/types\/post"}],"author":[{"embeddable":true,"href":"https:\/\/oulemag.ma\/fr\/wp-json\/wp\/v2\/users\/2"}],"replies":[{"embeddable":true,"href":"https:\/\/oulemag.ma\/fr\/wp-json\/wp\/v2\/comments?post=6567"}],"version-history":[{"count":1,"href":"https:\/\/oulemag.ma\/fr\/wp-json\/wp\/v2\/posts\/6567\/revisions"}],"predecessor-version":[{"id":6569,"href":"https:\/\/oulemag.ma\/fr\/wp-json\/wp\/v2\/posts\/6567\/revisions\/6569"}],"wp:featuredmedia":[{"embeddable":true,"href":"https:\/\/oulemag.ma\/fr\/wp-json\/wp\/v2\/media\/6568"}],"wp:attachment":[{"href":"https:\/\/oulemag.ma\/fr\/wp-json\/wp\/v2\/media?parent=6567"}],"wp:term":[{"taxonomy":"category","embeddable":true,"href":"https:\/\/oulemag.ma\/fr\/wp-json\/wp\/v2\/categories?post=6567"},{"taxonomy":"post_tag","embeddable":true,"href":"https:\/\/oulemag.ma\/fr\/wp-json\/wp\/v2\/tags?post=6567"}],"curies":[{"name":"wp","href":"https:\/\/api.w.org\/{rel}","templated":true}]}}