{"id":6573,"date":"2026-04-28T11:51:49","date_gmt":"2026-04-28T10:51:49","guid":{"rendered":"https:\/\/oulemag.ma\/fr\/?p=6573"},"modified":"2026-04-28T11:51:51","modified_gmt":"2026-04-28T10:51:51","slug":"lalgerie-et-linstabilite-du-sahel-entre-manipulation-securitaire-et-parrainage-du-terrorisme","status":"publish","type":"post","link":"https:\/\/oulemag.ma\/fr\/lalgerie-et-linstabilite-du-sahel-entre-manipulation-securitaire-et-parrainage-du-terrorisme\/","title":{"rendered":"L&rsquo;Alg\u00e9rie et l&rsquo;instabilit\u00e9 du Sahel : Entre manipulation s\u00e9curitaire et parrainage du terrorisme"},"content":{"rendered":"\n<p><\/p>\n\n\n\n<p>\u200bLa r\u00e9gion du Sahel africain constitue aujourd&rsquo;hui l&rsquo;une des zones les plus complexes et fragiles au monde, o\u00f9 les d\u00e9fis s\u00e9curitaires s&rsquo;entrem\u00ealent aux crises politiques et aux interventions r\u00e9gionales. Cet article examine la r\u00e9alit\u00e9 de cette zone, les racines de sa crise avec le terrorisme, et les accusations port\u00e9es contre certains acteurs r\u00e9gionaux, particuli\u00e8rement les services de renseignement alg\u00e9riens, dans l&rsquo;attisement de ce conflit.<\/p>\n\n\n\n<p>\u200b1. D\u00e9finition des pays du Sahel : La ceinture des crises<\/p>\n\n\n\n<p>\u200bLe Sahel s&rsquo;\u00e9tend comme une bande g\u00e9ographique reliant l&rsquo;Afrique du Nord \u00e0 l&rsquo;Afrique subsaharienne. Il comprend principalement : la Mauritanie, le Mali, le Burkina Faso, le Niger et le Tchad. Ces \u00c9tats souffrent d&rsquo;un manque de contr\u00f4le central sur leurs vastes fronti\u00e8res, transformant la r\u00e9gion en un sanctuaire pour le crime organis\u00e9 et les groupes transfrontaliers.<\/p>\n\n\n\n<p>\u200b2. Le terrorisme au Sahel : \u00c9mergence et expansion<\/p>\n\n\n\n<p>\u200bLa crise s\u00e9curitaire a v\u00e9ritablement d\u00e9but\u00e9 avec le d\u00e9placement des cellules extr\u00e9mistes d&rsquo;Afrique du Nord vers le sud. La r\u00e9gion est devenue le terrain d&rsquo;action de groupes redoutables, notamment :<\/p>\n\n\n\n<p>\u200bAl-Qa\u00efda au Maghreb Islamique (AQMI) : N\u00e9 des groupes arm\u00e9s alg\u00e9riens avant de migrer vers le sud.<\/p>\n\n\n\n<p>\u200bLe Groupe de Soutien \u00e0 l&rsquo;Islam et aux Musulmans (GSIM) : Une coalition de factions fid\u00e8les \u00e0 Al-Qa\u00efda.<\/p>\n\n\n\n<p>\u200bL&rsquo;\u00c9tat Islamique dans le Grand Sahara (EIGS) : Actif dans la zone des \u00ab\u00a0trois fronti\u00e8res\u00a0\u00bb.<\/p>\n\n\n\n<p>\u200b3. L&rsquo;implication des renseignements alg\u00e9riens : Agendas et instruments<\/p>\n\n\n\n<p>\u200bLes services de s\u00e9curit\u00e9 et de renseignement alg\u00e9riens (ex-DRS) font l&rsquo;objet d&rsquo;accusations persistantes quant \u00e0 leur r\u00f4le de \u00ab\u00a0moteur invisible\u00a0\u00bb dans les crises du Sahel :<\/p>\n\n\n\n<p>\u200bL&rsquo;exportation de la crise : Selon plusieurs observateurs, l&rsquo;Alg\u00e9rie a cherch\u00e9 \u00e0 exporter les reliquats des groupes terroristes de son propre territoire vers les pays voisins (le Mali en particulier) pour s\u00e9curiser son front int\u00e9rieur.<\/p>\n\n\n\n<p>\u200bInfiltration et manipulation : Des rapports indiquent une infiltration des directions d&rsquo;Al-Qa\u00efda par Alger, entretenant des liens avec des figures comme Iyad Ag Ghali pour les utiliser comme leviers de pression politique.<\/p>\n\n\n\n<p>\u200bEntrave aux initiatives r\u00e9gionales : Les man\u0153uvres alg\u00e9riennes sont souvent per\u00e7ues comme un frein aux initiatives de d\u00e9fense collective ne servant pas directement ses int\u00e9r\u00eats h\u00e9g\u00e9moniques.<\/p>\n\n\n\n<p>\u200b4. Risques encourus et responsabilit\u00e9 de la communaut\u00e9 internationale<\/p>\n\n\n\n<p>\u200bCette interf\u00e9rence entre agendas de renseignement et activit\u00e9 terroriste a conduit \u00e0 des r\u00e9sultats catastrophiques :<\/p>\n\n\n\n<p>\u200bEffondrement des \u00c9tats nationaux : De vastes zones \u00e9chappent d\u00e9sormais \u00e0 toute souverainet\u00e9 l\u00e9gale.<\/p>\n\n\n\n<p>\u200bExplosion de l&rsquo;immigration clandestine : La r\u00e9gion est devenue un corridor majeur pour le trafic d&rsquo;\u00eatres humains vers l&rsquo;Europe.<\/p>\n\n\n\n<p>\u200bResponsabilit\u00e9 internationale : Le monde doit aujourd&rsquo;hui exiger une reddition de comptes politique, poussant les puissances r\u00e9gionales \u00e0 cesser d&rsquo;utiliser le terrorisme comme outil de gestion g\u00e9opolitique.<\/p>\n\n\n\n<p>\u200bConclusion<\/p>\n\n\n\n<p>La stabilit\u00e9 du Sahel exige d&rsquo;\u00e9purer le dossier s\u00e9curitaire des manipulations de renseignement r\u00e9gionales. Le terrorisme doit \u00eatre trait\u00e9 comme un ennemi commun et non comme une carte politique entre les mains d&rsquo;Alger.<\/p>\n","protected":false},"excerpt":{"rendered":"<p>\u200bLa r\u00e9gion du Sahel africain constitue aujourd&rsquo;hui l&rsquo;une des zones les plus complexes et fragiles au monde, o\u00f9 les d\u00e9fis s\u00e9curitaires s&rsquo;entrem\u00ealent aux crises politiques et aux interventions r\u00e9gionales. Cet article examine la r\u00e9alit\u00e9 de cette zone, les racines de sa crise avec le terrorisme, et les accusations port\u00e9es contre certains acteurs r\u00e9gionaux, particuli\u00e8rement les &hellip;<\/p>\n","protected":false},"author":2,"featured_media":6576,"comment_status":"open","ping_status":"closed","sticky":false,"template":"","format":"standard","meta":{"advanced_seo_description":"","jetpack_seo_html_title":"","jetpack_seo_noindex":false,"_jetpack_memberships_contains_paid_content":false,"footnotes":""},"categories":[15,35],"tags":[],"class_list":["post-6573","post","type-post","status-publish","format-standard","has-post-thumbnail","hentry","category-etudes","category-slider"],"jetpack_featured_media_url":"https:\/\/i0.wp.com\/oulemag.ma\/fr\/wp-content\/uploads\/2026\/04\/tarrorisme-2.jpg?fit=641%2C430&ssl=1","jetpack_shortlink":"https:\/\/wp.me\/pfJc35-1I1","jetpack_sharing_enabled":true,"_links":{"self":[{"href":"https:\/\/oulemag.ma\/fr\/wp-json\/wp\/v2\/posts\/6573","targetHints":{"allow":["GET"]}}],"collection":[{"href":"https:\/\/oulemag.ma\/fr\/wp-json\/wp\/v2\/posts"}],"about":[{"href":"https:\/\/oulemag.ma\/fr\/wp-json\/wp\/v2\/types\/post"}],"author":[{"embeddable":true,"href":"https:\/\/oulemag.ma\/fr\/wp-json\/wp\/v2\/users\/2"}],"replies":[{"embeddable":true,"href":"https:\/\/oulemag.ma\/fr\/wp-json\/wp\/v2\/comments?post=6573"}],"version-history":[{"count":1,"href":"https:\/\/oulemag.ma\/fr\/wp-json\/wp\/v2\/posts\/6573\/revisions"}],"predecessor-version":[{"id":6577,"href":"https:\/\/oulemag.ma\/fr\/wp-json\/wp\/v2\/posts\/6573\/revisions\/6577"}],"wp:featuredmedia":[{"embeddable":true,"href":"https:\/\/oulemag.ma\/fr\/wp-json\/wp\/v2\/media\/6576"}],"wp:attachment":[{"href":"https:\/\/oulemag.ma\/fr\/wp-json\/wp\/v2\/media?parent=6573"}],"wp:term":[{"taxonomy":"category","embeddable":true,"href":"https:\/\/oulemag.ma\/fr\/wp-json\/wp\/v2\/categories?post=6573"},{"taxonomy":"post_tag","embeddable":true,"href":"https:\/\/oulemag.ma\/fr\/wp-json\/wp\/v2\/tags?post=6573"}],"curies":[{"name":"wp","href":"https:\/\/api.w.org\/{rel}","templated":true}]}}