{"id":6578,"date":"2026-04-28T11:56:16","date_gmt":"2026-04-28T10:56:16","guid":{"rendered":"https:\/\/oulemag.ma\/fr\/?p=6578"},"modified":"2026-04-28T11:57:30","modified_gmt":"2026-04-28T10:57:30","slug":"les-relations-historiques-entre-le-maroc-et-lafrique-au-centre-dune-conference-a-rabat","status":"publish","type":"post","link":"https:\/\/oulemag.ma\/fr\/les-relations-historiques-entre-le-maroc-et-lafrique-au-centre-dune-conference-a-rabat\/","title":{"rendered":"Les relations historiques entre le Maroc et l\u2019Afrique au centre d\u2019une conf\u00e9rence \u00e0 Rabat"},"content":{"rendered":"\n<p>Le Maroc entretient avec l\u2019Afrique des relations multidimensionnelles et profond\u00e9ment enracin\u00e9es dans l\u2019Histoire, ont soulign\u00e9, lundi 27 avril 2026 \u00e0 Rabat, les participants \u00e0 une conf\u00e9rence sous le th\u00e8me \u201cLes Rois Alaouites et l\u2019Afrique: de la lib\u00e9ration nationale aux partenariats strat\u00e9giques\u201d.<br>Au fil des si\u00e8cles, le Maroc a fait de son attachement \u00e0 l\u2019Afrique le socle de sa politique, partant de la conviction que son d\u00e9veloppement ne peut se faire s\u00e9par\u00e9ment de son environnement continental, ont affirm\u00e9 les intervenants \u00e0 cette conf\u00e9rence, organis\u00e9e par le Club diplomatique marocain, en partenariat avec le minist\u00e8re des Affaires \u00e9trang\u00e8res, de la Coop\u00e9ration africaine et des Marocains r\u00e9sidant \u00e0 l\u2019\u00e9tranger.<br>Dans ce sens, le pr\u00e9sident du Club diplomatique marocain Abdelouahab Bellouki a indiqu\u00e9 que le Maroc a constamment veill\u00e9 \u00e0 consolider ses liens avec sa profondeur africaine et a toujours \u00e9t\u00e9 un acteur essentiel dans la dynamique du continent et une composante de ses processus historiques.<br>De ce fait, l\u2019orientation africaine du Maroc n\u2019est pas le fruit de choix conjoncturels, mais d\u00e9coule d\u2019un prolongement naturel et d\u2019une histoire longue et riche nourrie par des liens \u00e0 caract\u00e8re politique, \u00e9conomique et spirituel, a relev\u00e9 Bellouki, ajoutant qu\u2019\u00e0 l\u2019\u00e8re moderne, cette relation profonde a acquis un caract\u00e8re institutionnel et strat\u00e9gique gr\u00e2ce \u00e0 l\u2019action des Rois du Maroc depuis l\u2019ind\u00e9pendance.<br>Abordant les relations entre le Maroc et l\u2019Afrique sous le r\u00e8gne de Feu e Roi Mohammed V, le diplomate Farhat Bouazza a rappel\u00e9 que le regrett\u00e9 Souverain, profond\u00e9ment convaincu que la libert\u00e9 d\u2019un peuple \u00e9tait indissociable de la libert\u00e9 des autres, a transform\u00e9 les villes de Rabat et de Casablanca en un v\u00e9ritable carrefour de la diplomatie de la lib\u00e9ration.<br>\u201cLa politique africaine de Feu SM Mohammed V reposait sur trois convictions fondamentales, \u00e0 savoir l\u2019interd\u00e9pendance des luttes pour la lib\u00e9ration, la solidarit\u00e9 islamique et africaine comme ciment naturel entre les peuples du continent et le r\u00f4le du Maroc comme puissance m\u00e9diatrice et locomotive panafricaine\u201d, a-t-il expliqu\u00e9.<br>Il a aussi \u00e9voqu\u00e9 les plus importantes contributions de Feu le Roi Mohammed V au raffermissement de l\u2019unit\u00e9 africaine, en l\u2019occurrence la tenue de la conf\u00e9rence de Casablanca en janvier 1961, dont la Charte ayant sanctionn\u00e9 les travaux a condamn\u00e9 fermement le colonialisme et le n\u00e9ocolonialisme sous toutes ses formes et confirm\u00e9 la n\u00e9cessit\u00e9 du soutien \u00e0 tous les mouvements de lib\u00e9ration nationale.<br>Pour sa part, le diplomate Hassan Hami a mis l\u2019accent sur les relations maroco-africaines sous le r\u00e8gne du Roi Hassan II, qui ont \u00e9volu\u00e9, selon lui, dans un contexte international marqu\u00e9 par la guerre froide et ses r\u00e9percussions sur les relations entre les Etats.<br>Devant ces d\u00e9fis, le Roi Hassan II a fait preuve d\u2019une grande sagesse et clairvoyance dans la gestion des relations internationales du Maroc, notamment avec son environnement africain, a indiqu\u00e9 M. Hami, soulignant que le regrett\u00e9 Souverain a r\u00e9ussi l\u2019\u0153uvre du parach\u00e8vement de l\u2019int\u00e9grit\u00e9 territoriale du Royaume et du renforcement de la place du Maroc sur la sc\u00e8ne africaine.<br>Gr\u00e2ce \u00e0 la sagesse de Feu le Roi Hassan II, le Maroc a r\u00e9cup\u00e9r\u00e9 ses territoires sous occupation et a poursuivi son processus de d\u00e9veloppement parachev\u00e9 ensuite par son digne successeur le Roi Mohammed VI, a dit le diplomate.<br>Dans le m\u00eame sillage, le pr\u00e9sident du Centre marocain des \u00e9tudes strat\u00e9giques Mohamed Benhammou a indiqu\u00e9 que sous le r\u00e8gne du Roi Mohammed VI, la diplomatie marocaine a marqu\u00e9 une rupture avec l\u2019approche traditionnelle, bas\u00e9e sur l\u2019adaptation aux mutations internationales, \u00e0 la faveur d\u2019une d\u00e9marche strat\u00e9gique proactive.<\/p>\n\n\n\n<p>Cette approche a donn\u00e9 lieu \u00e0 un d\u00e9veloppement remarquable de la diplomatie africaine du Maroc, dans le cadre d\u2019une nouvelle politique Sud-Sud \u00e0 port\u00e9e humaine et solidaire, a-t-il soutenu, ajoutant que cette diplomatie, \u00e0 caract\u00e8re multidimensionnel et compl\u00e9mentaire, s\u2019appuie sur une souplesse dans l\u2019adaptation aux mutations, un pragmatisme dans le choix des partenaires et une interaction instantan\u00e9e avec les crises.<\/p>\n\n\n\n<p>L\u2019organisation de cette conf\u00e9rence, marqu\u00e9e par la pr\u00e9sence de repr\u00e9sentants du corps diplomatique accr\u00e9dit\u00e9 au Maroc, de chercheurs et d\u2019acteurs associatifs, intervient dans le cadre de la c\u00e9l\u00e9bration, le 26 avril de chaque ann\u00e9e, de l\u2019anniversaire de la cr\u00e9ation officielle du minist\u00e8re des Affaires \u00e9trang\u00e8res.<\/p>\n\n\n\n<p><strong>Source: MAP<\/strong><\/p>\n","protected":false},"excerpt":{"rendered":"<p>Le Maroc entretient avec l\u2019Afrique des relations multidimensionnelles et profond\u00e9ment enracin\u00e9es dans l\u2019Histoire, ont soulign\u00e9, lundi 27 avril 2026 \u00e0 Rabat, les participants \u00e0 une conf\u00e9rence sous le th\u00e8me \u201cLes Rois Alaouites et l\u2019Afrique: de la lib\u00e9ration nationale aux partenariats strat\u00e9giques\u201d.Au fil des si\u00e8cles, le Maroc a fait de son attachement \u00e0 l\u2019Afrique le socle &hellip;<\/p>\n","protected":false},"author":2,"featured_media":6579,"comment_status":"open","ping_status":"closed","sticky":false,"template":"","format":"standard","meta":{"advanced_seo_description":"","jetpack_seo_html_title":"","jetpack_seo_noindex":false,"_jetpack_memberships_contains_paid_content":false,"footnotes":""},"categories":[1,35],"tags":[],"class_list":["post-6578","post","type-post","status-publish","format-standard","has-post-thumbnail","hentry","category-maroc","category-slider"],"jetpack_featured_media_url":"https:\/\/i0.wp.com\/oulemag.ma\/fr\/wp-content\/uploads\/2026\/04\/%D9%86%D8%AF%D9%88%D8%A9-1.jpg?fit=487%2C295&ssl=1","jetpack_shortlink":"https:\/\/wp.me\/pfJc35-1I6","jetpack_sharing_enabled":true,"_links":{"self":[{"href":"https:\/\/oulemag.ma\/fr\/wp-json\/wp\/v2\/posts\/6578","targetHints":{"allow":["GET"]}}],"collection":[{"href":"https:\/\/oulemag.ma\/fr\/wp-json\/wp\/v2\/posts"}],"about":[{"href":"https:\/\/oulemag.ma\/fr\/wp-json\/wp\/v2\/types\/post"}],"author":[{"embeddable":true,"href":"https:\/\/oulemag.ma\/fr\/wp-json\/wp\/v2\/users\/2"}],"replies":[{"embeddable":true,"href":"https:\/\/oulemag.ma\/fr\/wp-json\/wp\/v2\/comments?post=6578"}],"version-history":[{"count":1,"href":"https:\/\/oulemag.ma\/fr\/wp-json\/wp\/v2\/posts\/6578\/revisions"}],"predecessor-version":[{"id":6580,"href":"https:\/\/oulemag.ma\/fr\/wp-json\/wp\/v2\/posts\/6578\/revisions\/6580"}],"wp:featuredmedia":[{"embeddable":true,"href":"https:\/\/oulemag.ma\/fr\/wp-json\/wp\/v2\/media\/6579"}],"wp:attachment":[{"href":"https:\/\/oulemag.ma\/fr\/wp-json\/wp\/v2\/media?parent=6578"}],"wp:term":[{"taxonomy":"category","embeddable":true,"href":"https:\/\/oulemag.ma\/fr\/wp-json\/wp\/v2\/categories?post=6578"},{"taxonomy":"post_tag","embeddable":true,"href":"https:\/\/oulemag.ma\/fr\/wp-json\/wp\/v2\/tags?post=6578"}],"curies":[{"name":"wp","href":"https:\/\/api.w.org\/{rel}","templated":true}]}}