{"id":6581,"date":"2026-04-28T15:37:06","date_gmt":"2026-04-28T14:37:06","guid":{"rendered":"https:\/\/oulemag.ma\/fr\/?p=6581"},"modified":"2026-04-28T15:37:08","modified_gmt":"2026-04-28T14:37:08","slug":"a-khouribga-abidat-rma-celebre-un-quart-de-siecle-de-rayonnement-culturel","status":"publish","type":"post","link":"https:\/\/oulemag.ma\/fr\/a-khouribga-abidat-rma-celebre-un-quart-de-siecle-de-rayonnement-culturel\/","title":{"rendered":"\u00c0 Khouribga, Abidat Rma c\u00e9l\u00e8bre un quart de si\u00e8cle de rayonnement culturel"},"content":{"rendered":"\n<p>La c\u00e9l\u00e9bration du quart de si\u00e8cle d\u2019existence du Festival national d\u2019\u00ab Abidat Rma \u00bb constitue une halte de choix pour revivifier la m\u00e9moire collective et consolider le rayonnement de cet art s\u00e9culaire dans le paysage culturel national, ont soulign\u00e9, vendredi 24 avril 2026 \u00e0 Khouribga, les participants \u00e0 un colloque scientifique.<\/p>\n\n\n\n<p>Initi\u00e9e \u00e0 la Facult\u00e9 Polydisciplinaire de la cit\u00e9 phosphati\u00e8re, en marge de la 25\u00e8me \u00e9dition de ce festival embl\u00e9matique, cette rencontre a r\u00e9uni un parterre d\u2019acad\u00e9miciens, de chercheurs, d\u2019acteurs culturels et d\u2019\u00e9tudiants. L\u2019objectif \u00e9tant de jeter un regard r\u00e9trospectif et critique sur vingt-cinq ann\u00e9es de cr\u00e9ativit\u00e9 ininterrompue, tout en d\u00e9cortiquant les dimensions esth\u00e9tiques, culturelles et symboliques de ce legs populaire.<\/p>\n\n\n\n<p>Lors de ce conclave intellectuel, articul\u00e9 autour du th\u00e8me \u00ab Un quart de si\u00e8cle de c\u00e9l\u00e9bration du patrimoine d\u2019Abidat Rma \u00bb, les intervenants ont plaid\u00e9 pour la sauvegarde scrupuleuse de ce patrimoine immat\u00e9riel dans toute sa pluralit\u00e9. Ils l\u2019ont \u00e9rig\u00e9 en affluent incontournable de l\u2019identit\u00e9 marocaine aux multiples facettes et en v\u00e9ritable levier de d\u00e9veloppement culturel p\u00e9renne.<\/p>\n\n\n\n<p>Abordant les sp\u00e9cificit\u00e9s de cet art, Cherki Nasraoui, professeur de l\u2019enseignement sup\u00e9rieur, a fait observer que ce chant populaire, v\u00e9ritable carrefour d\u2019expressions artistiques, puise sa force dans des rythmiques \u00e9pur\u00e9es, pourtant charg\u00e9es de s\u00e9mantique. Il a, dans ce sens, mis en relief la forte r\u00e9sonance de la vie rurale, rythm\u00e9e par les ballets d\u2019oiseaux et les sc\u00e8nes agraires, dans le riche r\u00e9pertoire d\u2019Abidat Rma.<\/p>\n\n\n\n<p>Pour sa part, l\u2019acad\u00e9micien Hassan Abdouh a scrut\u00e9 l\u2019ancrage axiologique de ce chant, soutenant qu\u2019Abidat Rma v\u00e9hicule une matrice intellectuelle holistique illustrant la symbiose entre l\u2019Homme, sa terre et sa m\u00e9moire. Il s\u2019agit, selon le chercheur, d\u2019une v\u00e9ritable chronique orale de la vie quotidienne et de la courroie de transmission d\u2019une m\u00e9moire collective profond\u00e9ment enracin\u00e9e.<\/p>\n\n\n\n<p>Abondant dans le m\u00eame sens, le professeur-chercheur Abderrazak Khaldi a analys\u00e9 cet art comme une forme d\u2019expression symbolique qui fa\u00e7onne la conscience collective. Il a particuli\u00e8rement mis en exergue son corollaire historique avec les valeurs de r\u00e9sistance et de patriotisme dans les r\u00e9gions de Khouribga et d\u2019Oued Zem, rappelant que les rimes d\u2019Abidat Rma ont accompagn\u00e9 la lutte anticoloniale, agissant comme un bouclier protecteur de l\u2019identit\u00e9 culturelle marocaine.<\/p>\n\n\n\n<p>Au terme d\u2019\u00e9changes fructueux, les participants ont unanimement convenu que cet art patrimonial authentique demeure la cl\u00e9 de vo\u00fbte pour cimenter l\u2019identit\u00e9 nationale et arrimer les nouvelles g\u00e9n\u00e9rations \u00e0 leur socle culturel, garantissant ainsi la p\u00e9rennit\u00e9 et la transmission de ce legs face aux soubresauts des mutations soci\u00e9tales contemporaines.<\/p>\n\n\n\n<p><strong>Source: MAP<\/strong><\/p>\n","protected":false},"excerpt":{"rendered":"<p>La c\u00e9l\u00e9bration du quart de si\u00e8cle d\u2019existence du Festival national d\u2019\u00ab Abidat Rma \u00bb constitue une halte de choix pour revivifier la m\u00e9moire collective et consolider le rayonnement de cet art s\u00e9culaire dans le paysage culturel national, ont soulign\u00e9, vendredi 24 avril 2026 \u00e0 Khouribga, les participants \u00e0 un colloque scientifique. Initi\u00e9e \u00e0 la Facult\u00e9 &hellip;<\/p>\n","protected":false},"author":2,"featured_media":6582,"comment_status":"open","ping_status":"closed","sticky":false,"template":"","format":"standard","meta":{"advanced_seo_description":"","jetpack_seo_html_title":"","jetpack_seo_noindex":false,"_jetpack_memberships_contains_paid_content":false,"footnotes":""},"categories":[72,35],"tags":[],"class_list":["post-6581","post","type-post","status-publish","format-standard","has-post-thumbnail","hentry","category-culture","category-slider"],"jetpack_featured_media_url":"https:\/\/i0.wp.com\/oulemag.ma\/fr\/wp-content\/uploads\/2026\/04\/%D8%B9%D8%A8%D8%A8%D8%AF%D8%A7%D8%AA-%D8%A7%D9%84%D8%B1%D9%85%D8%A7.jpg?fit=525%2C398&ssl=1","jetpack_shortlink":"https:\/\/wp.me\/pfJc35-1I9","jetpack_sharing_enabled":true,"_links":{"self":[{"href":"https:\/\/oulemag.ma\/fr\/wp-json\/wp\/v2\/posts\/6581","targetHints":{"allow":["GET"]}}],"collection":[{"href":"https:\/\/oulemag.ma\/fr\/wp-json\/wp\/v2\/posts"}],"about":[{"href":"https:\/\/oulemag.ma\/fr\/wp-json\/wp\/v2\/types\/post"}],"author":[{"embeddable":true,"href":"https:\/\/oulemag.ma\/fr\/wp-json\/wp\/v2\/users\/2"}],"replies":[{"embeddable":true,"href":"https:\/\/oulemag.ma\/fr\/wp-json\/wp\/v2\/comments?post=6581"}],"version-history":[{"count":1,"href":"https:\/\/oulemag.ma\/fr\/wp-json\/wp\/v2\/posts\/6581\/revisions"}],"predecessor-version":[{"id":6583,"href":"https:\/\/oulemag.ma\/fr\/wp-json\/wp\/v2\/posts\/6581\/revisions\/6583"}],"wp:featuredmedia":[{"embeddable":true,"href":"https:\/\/oulemag.ma\/fr\/wp-json\/wp\/v2\/media\/6582"}],"wp:attachment":[{"href":"https:\/\/oulemag.ma\/fr\/wp-json\/wp\/v2\/media?parent=6581"}],"wp:term":[{"taxonomy":"category","embeddable":true,"href":"https:\/\/oulemag.ma\/fr\/wp-json\/wp\/v2\/categories?post=6581"},{"taxonomy":"post_tag","embeddable":true,"href":"https:\/\/oulemag.ma\/fr\/wp-json\/wp\/v2\/tags?post=6581"}],"curies":[{"name":"wp","href":"https:\/\/api.w.org\/{rel}","templated":true}]}}