{"id":6599,"date":"2026-04-29T00:35:25","date_gmt":"2026-04-28T23:35:25","guid":{"rendered":"https:\/\/oulemag.ma\/fr\/?p=6599"},"modified":"2026-04-29T00:36:08","modified_gmt":"2026-04-28T23:36:08","slug":"le-ministere-des-habous-et-des-affaires-islamiques-adhere-au-programme-data-tika","status":"publish","type":"post","link":"https:\/\/oulemag.ma\/fr\/le-ministere-des-habous-et-des-affaires-islamiques-adhere-au-programme-data-tika\/","title":{"rendered":"Le minist\u00e8re des Habous et des Affaires Islamiques adh\u00e8re au programme \u201cData-Tika\u201d"},"content":{"rendered":"\n<p>Le minist\u00e8re des Habous et des Affaires islamiques et la Commission nationale de contr\u00f4le de la protection des donn\u00e9es \u00e0 caract\u00e8re personnel (CNDP) ont sign\u00e9, mardi 28 avril 2026 \u00e0 Rabat, une convention marquant l\u2019adh\u00e9sion du minist\u00e8re au programme \u201cDATA-TIKA\u201d.<br>Sign\u00e9e par le ministre des Habous et des Affaires islamiques Ahmed Toufiq et le pr\u00e9sident de la CNDP Omar Seghrouchni, cette convention vise \u00e0 accompagner le minist\u00e8re pour se conformer aux dispositions de la loi n\u00b009-08 relative \u00e0 la protection des donn\u00e9es \u00e0 caract\u00e8re personnel, en faisant de la protection ces donn\u00e9es un levier strat\u00e9gique de renforcement de la confiance, indique un communiqu\u00e9 conjoint des deux parties.<\/p>\n\n\n\n<p>A travers cette coop\u00e9ration, le minist\u00e8re souligne son engagement en faveur d\u2019une gestion responsable des donn\u00e9es \u00e0 caract\u00e8re personnel, \u00e0 m\u00eame de consolider les principes de bonne gouvernance et de garantir le respect de la vie priv\u00e9e des individus en la mati\u00e8re et de renforcer la confiance dans ces donn\u00e9es.<\/p>\n\n\n\n<p>La Commission nationale de contr\u00f4le de la protection des donn\u00e9es \u00e0 caract\u00e8re personnel dispose d\u2019un p\u00f4le d\u00e9di\u00e9 au secteur public visant \u00e0 assurer un suivi de pr\u00e8s, \u00e0 r\u00e9pondre aux probl\u00e9matiques sp\u00e9cifiques \u00e0 ce secteur et \u00e0 faciliter les proc\u00e9dures de conformit\u00e9 \u00e0 la loi n\u00b0 09.08.<\/p>\n\n\n\n<p><strong>Source: MAP<\/strong><\/p>\n","protected":false},"excerpt":{"rendered":"<p>Le minist\u00e8re des Habous et des Affaires islamiques et la Commission nationale de contr\u00f4le de la protection des donn\u00e9es \u00e0 caract\u00e8re personnel (CNDP) ont sign\u00e9, mardi 28 avril 2026 \u00e0 Rabat, une convention marquant l\u2019adh\u00e9sion du minist\u00e8re au programme \u201cDATA-TIKA\u201d.Sign\u00e9e par le ministre des Habous et des Affaires islamiques Ahmed Toufiq et le pr\u00e9sident de &hellip;<\/p>\n","protected":false},"author":2,"featured_media":6600,"comment_status":"open","ping_status":"closed","sticky":false,"template":"","format":"standard","meta":{"advanced_seo_description":"","jetpack_seo_html_title":"","jetpack_seo_noindex":false,"_jetpack_memberships_contains_paid_content":false,"footnotes":""},"categories":[1,35],"tags":[],"class_list":["post-6599","post","type-post","status-publish","format-standard","has-post-thumbnail","hentry","category-maroc","category-slider"],"jetpack_featured_media_url":"https:\/\/i0.wp.com\/oulemag.ma\/fr\/wp-content\/uploads\/2026\/04\/683788657_1316377177336121_6369077580131805030_n.jpg?fit=780%2C470&ssl=1","jetpack_shortlink":"https:\/\/wp.me\/pfJc35-1Ir","jetpack_sharing_enabled":true,"_links":{"self":[{"href":"https:\/\/oulemag.ma\/fr\/wp-json\/wp\/v2\/posts\/6599","targetHints":{"allow":["GET"]}}],"collection":[{"href":"https:\/\/oulemag.ma\/fr\/wp-json\/wp\/v2\/posts"}],"about":[{"href":"https:\/\/oulemag.ma\/fr\/wp-json\/wp\/v2\/types\/post"}],"author":[{"embeddable":true,"href":"https:\/\/oulemag.ma\/fr\/wp-json\/wp\/v2\/users\/2"}],"replies":[{"embeddable":true,"href":"https:\/\/oulemag.ma\/fr\/wp-json\/wp\/v2\/comments?post=6599"}],"version-history":[{"count":2,"href":"https:\/\/oulemag.ma\/fr\/wp-json\/wp\/v2\/posts\/6599\/revisions"}],"predecessor-version":[{"id":6602,"href":"https:\/\/oulemag.ma\/fr\/wp-json\/wp\/v2\/posts\/6599\/revisions\/6602"}],"wp:featuredmedia":[{"embeddable":true,"href":"https:\/\/oulemag.ma\/fr\/wp-json\/wp\/v2\/media\/6600"}],"wp:attachment":[{"href":"https:\/\/oulemag.ma\/fr\/wp-json\/wp\/v2\/media?parent=6599"}],"wp:term":[{"taxonomy":"category","embeddable":true,"href":"https:\/\/oulemag.ma\/fr\/wp-json\/wp\/v2\/categories?post=6599"},{"taxonomy":"post_tag","embeddable":true,"href":"https:\/\/oulemag.ma\/fr\/wp-json\/wp\/v2\/tags?post=6599"}],"curies":[{"name":"wp","href":"https:\/\/api.w.org\/{rel}","templated":true}]}}