{"id":6606,"date":"2026-04-29T23:23:43","date_gmt":"2026-04-29T22:23:43","guid":{"rendered":"https:\/\/oulemag.ma\/fr\/?p=6606"},"modified":"2026-04-29T23:23:44","modified_gmt":"2026-04-29T22:23:44","slug":"transformation-numerique-le-maroc-met-en-avant-ses-avancees-a-luniversite-euro-mediterraneenne-de-fes","status":"publish","type":"post","link":"https:\/\/oulemag.ma\/fr\/transformation-numerique-le-maroc-met-en-avant-ses-avancees-a-luniversite-euro-mediterraneenne-de-fes\/","title":{"rendered":"Transformation num\u00e9rique : le Maroc met en avant ses avanc\u00e9es \u00e0 l\u2019Universit\u00e9 euro-m\u00e9diterran\u00e9enne de F\u00e8s"},"content":{"rendered":"\n<p>La ministre d\u00e9l\u00e9gu\u00e9e charg\u00e9e de la Transition num\u00e9rique et de la R\u00e9forme de l&rsquo;administration, Amal El Fallah Seghrouchni, a affirm\u00e9 que son d\u00e9partement \u0153uvre \u00e0 l\u2019acc\u00e9l\u00e9ration de la mise en \u0153uvre de la strat\u00e9gie \u00ab\u00a0Maroc num\u00e9rique 2030\u00a0\u00bb.<br>La mise en application de cette strat\u00e9gie est bas\u00e9e sur trois axes principaux, \u00e0 savoir la r\u00e9forme administrative, le d\u00e9veloppement de l\u2019\u00e9conomie num\u00e9rique et le renforcement de la souverainet\u00e9 num\u00e9rique, a soulign\u00e9 la ministre, qui animait, lundi 27 Avril \u00e0 F\u00e8s, une conf\u00e9rence dans le cadre des Rencontres de l\u2019Universit\u00e9 Euromed de F\u00e8s (UEMF) sur l\u2019alliance des civilisations.<br>Rappelant que ce processus s\u2019appuie sur quatre piliers fondamentaux (les comp\u00e9tences, les infrastructures, le cadre juridique et la coop\u00e9ration internationale), Mme Seghrouchni a relev\u00e9 qu\u2019une nouvelle phase a \u00e9t\u00e9 entam\u00e9e, s\u2019agissant de la r\u00e9forme administrative, avec la plateforme IDARATI X.0, qui offre une application unique, un acc\u00e8s simplifi\u00e9 et un portefeuille num\u00e9rique national.<br>Elle a expliqu\u00e9 que les citoyens peuvent d\u00e9sormais acc\u00e9der facilement et en toute s\u00e9curit\u00e9 aux services et obtenir des documents via leur t\u00e9l\u00e9phone mobile, faisant \u00e9tat de plus de 600 services num\u00e9riques disponibles et le d\u00e9lai de traitement de certaines proc\u00e9dures a \u00e9t\u00e9 r\u00e9duit de six jours \u00e0 seulement vingt minutes.<br>Quant \u00e0 l\u2019\u00e9conomie num\u00e9rique, la ministre a indiqu\u00e9 que le Maroc a lanc\u00e9 la 5G dans plus de cinquante villes et atteint une couverture 4G dans 10.690 zones sur 10.740, ajoutant que le secteur de l\u2019externalisation emploie aujourd\u2019hui plus de 148.500 personnes et attire plus de 1.200 entreprises internationales. Elle a \u00e9voqu\u00e9 aussi le soutien des startups disposant d&rsquo;un budget sup\u00e9rieur \u00e0 1,3 milliard de dirhams, ce qui a permis d&rsquo;accompagner plus de 800 entreprises dans le cadre du programme \u00a0\u00bbMaroc 300\u00a0\u00bb.<br>Concernant la formation, le nombre de dipl\u00f4m\u00e9s a atteint, selon la ministre, 22.500 par an et 549 fili\u00e8res num\u00e9riques ont \u00e9t\u00e9 cr\u00e9\u00e9es, outre le lancement des programmes tels que \u00a0\u00bbJobInTech\u00a0\u00bb, des initiatives destin\u00e9es \u00e0 200.000 jeunes, et octroy\u00e9 350 bourses de doctorat.<\/p>\n\n\n\n<p>Elle a mis l\u2019accent sur l&rsquo;importance du projet Digital Governance X.0 qui ambitionne de garantir une bonne gouvernance, de renforcer la confiance num\u00e9rique, de prot\u00e9ger les donn\u00e9es personnelles et de consolider la s\u00e9curit\u00e9.<\/p>\n\n\n\n<p>Cette loi a \u00e9t\u00e9 \u00e9labor\u00e9e en \u00e9troite collaboration avec la Commission nationale de protection des donn\u00e9es personnelles (CNDP), la Direction g\u00e9n\u00e9rale de la s\u00e9curit\u00e9 des syst\u00e8mes d\u2019information (DGSSI) et la Direction G\u00e9n\u00e9rale de la S\u00fbret\u00e9 Nationale (DGSN), a-t-elle rappel\u00e9, insistant sur la place centrale de l\u2019intelligence artificielle, autour d\u2019une feuille de route nationale articul\u00e9e sur trois principes, \u00e0 savoir la souverainet\u00e9 des donn\u00e9es, l&rsquo;innovation inclusive et la gouvernance \u00e9thique.<\/p>\n\n\n\n<p>La ministre est revenue, par ailleurs, sur l\u2019importance du partenariat Maroc-UE, d\u00e9sormais deux partenaires strat\u00e9giques, en lan\u00e7ant, \u00e0 travers le minist\u00e8re de la Transition num\u00e9rique et de la R\u00e9forme de l\u2019Administration, le dialogue au sujet du num\u00e9rique.<\/p>\n\n\n\n<p>Ce dialogue, a-t-elle not\u00e9, refl\u00e8te une vision commune visant \u00e0 renforcer les capacit\u00e9s mutuelles des deux parties dans les domaines du num\u00e9rique et de l\u2019IA et \u00e0 d\u00e9velopper des solutions fond\u00e9es sur les donn\u00e9es et l\u2019IA, au service d\u2019une \u00e9conomie et d\u2019une soci\u00e9t\u00e9 num\u00e9riques tourn\u00e9es vers les citoyens.<\/p>\n\n\n\n<p>Les Rencontres de l\u2019Universit\u00e9 euro-m\u00e9diterran\u00e9enne de F\u00e8s sur l\u2019Alliance des civilisations, organis\u00e9e sur deux jours sous le Haut Patronage de Sa Majest\u00e9 le Roi Mohammed VI, sous le th\u00e8me \u00ab\u00a0L\u2019avenir de la civilisation humaine \u00e0 l\u2019\u00e9preuve de l\u2019intelligence artificielle\u00a0\u00bb, r\u00e9unit des personnalit\u00e9s acad\u00e9miques, scientifiques et diplomatiques de haut niveau issues des cinq continents, ainsi que plus de 1.400 jeunes repr\u00e9sentant pr\u00e8s de 50 pays.<\/p>\n\n\n\n<p>Cet \u00e9v\u00e9nement, initi\u00e9 par l\u2019Universit\u00e9 euro-m\u00e9diterran\u00e9enne de F\u00e8s en collaboration avec la Chaire des Nations unies pour l\u2019Alliance des civilisations, la Ligue islamique mondiale et l\u2019Alliance des civilisations des Nations unies, ambitionne de constituer une plateforme strat\u00e9gique de dialogue et de r\u00e9flexion sur les grandes mutations impos\u00e9es par l\u2019intelligence artificielle.<\/p>\n","protected":false},"excerpt":{"rendered":"<p>La ministre d\u00e9l\u00e9gu\u00e9e charg\u00e9e de la Transition num\u00e9rique et de la R\u00e9forme de l&rsquo;administration, Amal El Fallah Seghrouchni, a affirm\u00e9 que son d\u00e9partement \u0153uvre \u00e0 l\u2019acc\u00e9l\u00e9ration de la mise en \u0153uvre de la strat\u00e9gie \u00ab\u00a0Maroc num\u00e9rique 2030\u00a0\u00bb.La mise en application de cette strat\u00e9gie est bas\u00e9e sur trois axes principaux, \u00e0 savoir la r\u00e9forme administrative, le &hellip;<\/p>\n","protected":false},"author":2,"featured_media":6607,"comment_status":"open","ping_status":"closed","sticky":false,"template":"","format":"standard","meta":{"advanced_seo_description":"","jetpack_seo_html_title":"","jetpack_seo_noindex":false,"_jetpack_memberships_contains_paid_content":false,"footnotes":""},"categories":[18,35],"tags":[],"class_list":["post-6606","post","type-post","status-publish","format-standard","has-post-thumbnail","hentry","category-tech","category-slider"],"jetpack_featured_media_url":"https:\/\/i0.wp.com\/oulemag.ma\/fr\/wp-content\/uploads\/2026\/04\/681340710_18091149143582131_3103575663537688295_n.jpg?fit=673%2C406&ssl=1","jetpack_shortlink":"https:\/\/wp.me\/pfJc35-1Iy","jetpack_sharing_enabled":true,"_links":{"self":[{"href":"https:\/\/oulemag.ma\/fr\/wp-json\/wp\/v2\/posts\/6606","targetHints":{"allow":["GET"]}}],"collection":[{"href":"https:\/\/oulemag.ma\/fr\/wp-json\/wp\/v2\/posts"}],"about":[{"href":"https:\/\/oulemag.ma\/fr\/wp-json\/wp\/v2\/types\/post"}],"author":[{"embeddable":true,"href":"https:\/\/oulemag.ma\/fr\/wp-json\/wp\/v2\/users\/2"}],"replies":[{"embeddable":true,"href":"https:\/\/oulemag.ma\/fr\/wp-json\/wp\/v2\/comments?post=6606"}],"version-history":[{"count":1,"href":"https:\/\/oulemag.ma\/fr\/wp-json\/wp\/v2\/posts\/6606\/revisions"}],"predecessor-version":[{"id":6608,"href":"https:\/\/oulemag.ma\/fr\/wp-json\/wp\/v2\/posts\/6606\/revisions\/6608"}],"wp:featuredmedia":[{"embeddable":true,"href":"https:\/\/oulemag.ma\/fr\/wp-json\/wp\/v2\/media\/6607"}],"wp:attachment":[{"href":"https:\/\/oulemag.ma\/fr\/wp-json\/wp\/v2\/media?parent=6606"}],"wp:term":[{"taxonomy":"category","embeddable":true,"href":"https:\/\/oulemag.ma\/fr\/wp-json\/wp\/v2\/categories?post=6606"},{"taxonomy":"post_tag","embeddable":true,"href":"https:\/\/oulemag.ma\/fr\/wp-json\/wp\/v2\/tags?post=6606"}],"curies":[{"name":"wp","href":"https:\/\/api.w.org\/{rel}","templated":true}]}}