{"id":6609,"date":"2026-04-29T23:30:42","date_gmt":"2026-04-29T22:30:42","guid":{"rendered":"https:\/\/oulemag.ma\/fr\/?p=6609"},"modified":"2026-04-29T23:30:44","modified_gmt":"2026-04-29T22:30:44","slug":"mohammed-alissa-appelle-a-une-gouvernance-ethique-de-lintelligence-artificielle-depuis-fes","status":"publish","type":"post","link":"https:\/\/oulemag.ma\/fr\/mohammed-alissa-appelle-a-une-gouvernance-ethique-de-lintelligence-artificielle-depuis-fes\/","title":{"rendered":"Mohammed Alissa appelle \u00e0 une gouvernance \u00e9thique de l\u2019intelligence artificielle depuis F\u00e8s"},"content":{"rendered":"\n<p>Intervenant \u00e0 l\u2019ouverture de la conf\u00e9rence internationale de l\u2019Universit\u00e9 Euro-m\u00e9diterran\u00e9enne de F\u00e8s sur \u00ab L\u2019avenir de la civilisation humaine \u00e0 l\u2019\u00e9preuve de l\u2019intelligence artificielle \u00bb lundi 27 avril 2026, le Secr\u00e9taire g\u00e9n\u00e9ral de la Ligue islamique mondiale, cheikh Mohammed Alissa, a appel\u00e9 \u00e0 encadrer l\u2019intelligence artificielle par un r\u00e9f\u00e9rentiel \u00e9thique fond\u00e9 sur les valeurs humaines communes.<br>Dans son allocution, le SG a soulign\u00e9 l\u2019importance du th\u00e8me de cette conf\u00e9rence, qui aborde une question majeure li\u00e9e \u00e0 notre monde civilisationnel et \u00e0 sa transformation intellectuelle progressive au cours des derniers si\u00e8cles. Il a rappel\u00e9 que cette \u00e9volution a d\u00e9but\u00e9 avec la r\u00e9volution du savoir aux 16\u00e8me et 17\u00e8me si\u00e8cles, laquelle a fait passer l\u2019humanit\u00e9 d\u2019une pens\u00e9e mat\u00e9rielle traditionnelle \u00e0 l\u2019\u00e9largissement de la m\u00e9thode scientifique exp\u00e9rimentale, dont les principes avaient \u00e9t\u00e9 pos\u00e9s par des savants musulmans entre les 10\u00e8me et 11\u00e8me si\u00e8cles, avant d\u2019aboutir aujourd\u2019hui \u00e0 la r\u00e9volution de l\u2019intelligence artificielle, qui a transform\u00e9 la machine d\u2019un simple outil de stockage de la connaissance en un instrument capable d\u2019analyser et de g\u00e9n\u00e9rer des id\u00e9es.<br>Il a insist\u00e9 sur la n\u00e9cessit\u00e9 d\u2019encadrer la r\u00e9volution de l\u2019intelligence artificielle par un r\u00e9f\u00e9rentiel \u00e9thique commun fond\u00e9 sur nos valeurs humaines partag\u00e9es. Il a pr\u00e9sent\u00e9, \u00e0 cet \u00e9gard, une vision globale reposant notamment sur la d\u00e9finition pr\u00e9alable de valeurs consensuelles avant la conception des syst\u00e8mes d\u2019intelligence artificielle, en particulier concernant les informations li\u00e9es aux religions, aux appartenances ethniques ou aux cultures, afin d\u2019\u00e9viter que cette technologie ne devienne un outil de diffusion de la haine, du racisme ou de soutien aux th\u00e9ories du choc des civilisations et des conflits culturels.<br>Il a \u00e9galement appel\u00e9 \u00e0 imposer aux entreprises concern\u00e9es des exigences de transparence et de responsabilit\u00e9, ainsi qu\u2019\u00e0 fixer des limites strictes dans les domaines sensibles et dangereux, notamment pour les d\u00e9cisions cruciales, lesquelles doivent imp\u00e9rativement demeurer du ressort final de l\u2019\u00eatre humain.<br>Le SG a soulign\u00e9 \u00e9galement la n\u00e9cessit\u00e9 de distinguer l\u2019\u00eatre humain de la machine : l\u2019Homme est libre dans sa r\u00e9flexion, et cette libert\u00e9 peut le conduire vers la justesse lorsque son raisonnement est sain. La machine, en revanche, et en premier lieu l\u2019intelligence artificielle, n\u2019est pas libre ; elle demeure tributaire de la volont\u00e9 de ceux qui l\u2019alimentent, que ce soit par des faits v\u00e9ridiques ou par des informations trompeuses. Elle ne poss\u00e8de ni conscience ni volont\u00e9. Il a conclu en affirmant que notre avenir civilisationnel avec l\u2019intelligence artificielle d\u00e9pend avant tout de nous-m\u00eames, et non de cette technologie en elle-m\u00eame, car celle-ci ne fait, en d\u00e9finitive, que nous repr\u00e9senter dans son vaste espace selon les param\u00e8tres que nous lui d\u00e9finissons.<\/p>\n","protected":false},"excerpt":{"rendered":"<p>Intervenant \u00e0 l\u2019ouverture de la conf\u00e9rence internationale de l\u2019Universit\u00e9 Euro-m\u00e9diterran\u00e9enne de F\u00e8s sur \u00ab L\u2019avenir de la civilisation humaine \u00e0 l\u2019\u00e9preuve de l\u2019intelligence artificielle \u00bb lundi 27 avril 2026, le Secr\u00e9taire g\u00e9n\u00e9ral de la Ligue islamique mondiale, cheikh Mohammed Alissa, a appel\u00e9 \u00e0 encadrer l\u2019intelligence artificielle par un r\u00e9f\u00e9rentiel \u00e9thique fond\u00e9 sur les valeurs humaines &hellip;<\/p>\n","protected":false},"author":2,"featured_media":6610,"comment_status":"open","ping_status":"closed","sticky":false,"template":"","format":"standard","meta":{"advanced_seo_description":"","jetpack_seo_html_title":"","jetpack_seo_noindex":false,"_jetpack_memberships_contains_paid_content":false,"footnotes":""},"categories":[18,35],"tags":[],"class_list":["post-6609","post","type-post","status-publish","format-standard","has-post-thumbnail","hentry","category-tech","category-slider"],"jetpack_featured_media_url":"https:\/\/i0.wp.com\/oulemag.ma\/fr\/wp-content\/uploads\/2026\/04\/673876478_18091149170582131_2973081041435833648_n.jpg?fit=666%2C444&ssl=1","jetpack_shortlink":"https:\/\/wp.me\/pfJc35-1IB","jetpack_sharing_enabled":true,"_links":{"self":[{"href":"https:\/\/oulemag.ma\/fr\/wp-json\/wp\/v2\/posts\/6609","targetHints":{"allow":["GET"]}}],"collection":[{"href":"https:\/\/oulemag.ma\/fr\/wp-json\/wp\/v2\/posts"}],"about":[{"href":"https:\/\/oulemag.ma\/fr\/wp-json\/wp\/v2\/types\/post"}],"author":[{"embeddable":true,"href":"https:\/\/oulemag.ma\/fr\/wp-json\/wp\/v2\/users\/2"}],"replies":[{"embeddable":true,"href":"https:\/\/oulemag.ma\/fr\/wp-json\/wp\/v2\/comments?post=6609"}],"version-history":[{"count":1,"href":"https:\/\/oulemag.ma\/fr\/wp-json\/wp\/v2\/posts\/6609\/revisions"}],"predecessor-version":[{"id":6611,"href":"https:\/\/oulemag.ma\/fr\/wp-json\/wp\/v2\/posts\/6609\/revisions\/6611"}],"wp:featuredmedia":[{"embeddable":true,"href":"https:\/\/oulemag.ma\/fr\/wp-json\/wp\/v2\/media\/6610"}],"wp:attachment":[{"href":"https:\/\/oulemag.ma\/fr\/wp-json\/wp\/v2\/media?parent=6609"}],"wp:term":[{"taxonomy":"category","embeddable":true,"href":"https:\/\/oulemag.ma\/fr\/wp-json\/wp\/v2\/categories?post=6609"},{"taxonomy":"post_tag","embeddable":true,"href":"https:\/\/oulemag.ma\/fr\/wp-json\/wp\/v2\/tags?post=6609"}],"curies":[{"name":"wp","href":"https:\/\/api.w.org\/{rel}","templated":true}]}}