{"id":6621,"date":"2026-04-30T23:54:00","date_gmt":"2026-04-30T22:54:00","guid":{"rendered":"https:\/\/oulemag.ma\/fr\/?p=6621"},"modified":"2026-04-30T15:00:40","modified_gmt":"2026-04-30T14:00:40","slug":"rabat-hommage-a-valentin-yves-mudimbe-lors-dun-colloque-international-sur-la-pensee-africaine","status":"publish","type":"post","link":"https:\/\/oulemag.ma\/fr\/rabat-hommage-a-valentin-yves-mudimbe-lors-dun-colloque-international-sur-la-pensee-africaine\/","title":{"rendered":"Rabat : hommage \u00e0 Valentin Yves Mudimbe lors d\u2019un colloque international sur la pens\u00e9e africaine"},"content":{"rendered":"\n<p>Les travaux d\u2019un colloque international intitul\u00e9 \u201cLe Savant et Le Po\u00e9tique\u201d se sont ouverts, mercredi 29 avril 2026 &nbsp;\u00e0 Rabat, \u00e0 l\u2019initiative de l\u2019Acad\u00e9mie du Royaume du Maroc en hommage \u00e0 l\u2019\u00e9crivain et philosophe congolais Valentin Yves Mudimbe, en pr\u00e9sence de personnalit\u00e9s des mondes acad\u00e9mique et diplomatique.<\/p>\n\n\n\n<p>Cet \u00e9v\u00e9nement litt\u00e9raire international s\u2019inscrit dans les activit\u00e9s de la Chaire des Litt\u00e9ratures et des Arts Africains, cr\u00e9\u00e9e par l\u2019Acad\u00e9mie du Royaume du Maroc au mois de mai 2022, avec pour ambition le d\u00e9cloisonnement, la valorisation et la circulation du patrimoine culturel africain en Afrique.<\/p>\n\n\n\n<p>Auteur de la somme philosophique majeure \u201cL\u2019invention de l\u2019Afrique\u201d, Valentin Yves Mudimbe, l\u2019un des penseurs les plus prodigieux de l\u2019Afrique contemporaine, d\u00e9c\u00e9d\u00e9 en avril 2025, fut non seulement \u00e9crivain et philosophe, mais aussi un universitaire de renomm\u00e9e internationale.<\/p>\n\n\n<div class=\"wp-block-image\">\n<figure class=\"aligncenter size-full\"><img data-recalc-dims=\"1\" loading=\"lazy\" decoding=\"async\" width=\"555\" height=\"347\" src=\"https:\/\/i0.wp.com\/oulemag.ma\/fr\/wp-content\/uploads\/2026\/04\/image-6-1024x641-2.jpg?resize=555%2C347&#038;ssl=1\" alt=\"\" class=\"wp-image-6624\" srcset=\"https:\/\/i0.wp.com\/oulemag.ma\/fr\/wp-content\/uploads\/2026\/04\/image-6-1024x641-2.jpg?w=555&amp;ssl=1 555w, https:\/\/i0.wp.com\/oulemag.ma\/fr\/wp-content\/uploads\/2026\/04\/image-6-1024x641-2.jpg?resize=300%2C188&amp;ssl=1 300w\" sizes=\"auto, (max-width: 555px) 100vw, 555px\" \/><\/figure>\n<\/div>\n\n\n<p>Apr\u00e8s avoir enseign\u00e9 en Afrique, \u00e0 Lubumbashi (RD Congo), il a occup\u00e9 des postes de professeur aux \u00c9tats-Unis, notamment \u00e0 Haverford College, \u00e0 Stanford University et \u00e0 Duke University, fa\u00e7onnant plusieurs g\u00e9n\u00e9rations de chercheurs et renouvelant les d\u00e9bats dans les sciences humaines, cognitives et sociales.<\/p>\n\n\n\n<p>\u201cEn ce lieu empreint d\u2019histoire et de responsabilit\u00e9 qu\u2019est l\u2019Acad\u00e9mie du Royaume du Maroc, nous honorons aujourd\u2019hui une figure majeure de la philosophie africaine contemporaine\u201d, a affirm\u00e9 M. Abdeljalil Lahjomri, secr\u00e9taire perp\u00e9tuel de l\u2019Acad\u00e9mie lors de la c\u00e9r\u00e9monie d\u2019ouverture, ajoutant que bien plus qu\u2019un penseur, Valentin Yves Mudimbe \u201cinterroge les fondements m\u00eames de notre r\u00e9flexion\u201d.<\/p>\n\n\n\n<p>Il a salu\u00e9 \u201cune conscience critique\u201d ayant su d\u00e9construire les \u00e9vidences, interroger les h\u00e9ritages et ouvrir de nouveaux horizons. \u201cMudimbe nous l\u2019a montr\u00e9 avec une patience d\u2019arch\u00e9ologue : l\u2019Afrique telle qu\u2019on l\u2019a imagin\u00e9e, d\u00e9crite et class\u00e9e n\u2019est pas qu\u2019un continent. Elle est avant tout une construction, un \u00e9difice de savoir\u201d, a soulign\u00e9 M. Lahjomri.<\/p>\n\n\n\n<p>\u201cDans son \u0153uvre majeure, il r\u00e9v\u00e8le comment ce que nous nommons +Afrique+ est aussi le fruit d\u2019un langage, de ce qu\u2019il appelle une +biblioth\u00e8que coloniale+, un ensemble de r\u00e9cits, de grilles de lecture qui ont souvent pr\u00e9c\u00e9d\u00e9, voire effac\u00e9, l\u2019exp\u00e9rience elle-m\u00eame\u201d, a-t-il relev\u00e9.<\/p>\n\n\n\n<p>Ce colloque (29-30 avril) est aussi l\u2019occasion de mettre en exergue le r\u00f4le f\u00e9d\u00e9rateur du Maroc au niveau africain. Dans ce sens, M. Gilbert Kishiba Fitula, recteur de l\u2019Universit\u00e9 de Lubumbashi, a soulign\u00e9 que cet \u00e9v\u00e9nement tr\u00e8s important intervient en harmonie avec la Vision de Sa Majest\u00e9 le Roi Mohammed VI en faveur \u201cde l\u2019int\u00e9gration de l\u2019Afrique par l\u2019\u00e9ducation, les sciences, la culture et l\u2019art\u201d.<\/p>\n\n\n\n<p>\u201cAujourd\u2019hui, face \u00e0 la mondialisation et tous les d\u00e9fis soci\u00e9taux en rapport, notamment, avec l\u2019environnement, le commerce international et les questions de la paix, de la s\u00e9curit\u00e9 internationale et de la sant\u00e9, nous sommes oblig\u00e9s d\u2019adopter une approche transversale\u201d, a affirm\u00e9 M. Fitula dans une d\u00e9claration \u00e0 la MAP.<\/p>\n\n\n\n<p>La c\u00e9r\u00e9monie inaugurale a \u00e9t\u00e9 marqu\u00e9e par des allocutions et des communications de professeurs universitaires sur notamment \u201cL\u2019image de Valentin Yves Mudimbe \u00e0 la lumi\u00e8re de son itin\u00e9raire spirituel et intellectuel\u201d, \u201cL\u2019Universit\u00e9 Lubumbashi reconnaissante \u00e0 l\u2019Acad\u00e9mie du Royaume\u201d ou encore \u201cL\u2019\u00e9tat de l\u2019art mudimbien : lectures, h\u00e9ritages et lignes de fuite\u201d.<\/p>\n\n\n\n<p>Le programme comprend des sessions ayant pour th\u00e8mes \u201cItin\u00e9raires intellectuels et lieux de formation\u201d, \u201cPenser l\u2019Afrique autrement\u201d, \u201cGnose, savoirs et biblioth\u00e8que coloniale\u201d et \u201cProse, fiction et exp\u00e9rience int\u00e9rieure\u201d, ainsi qu\u2019une une soir\u00e9e de lectures et m\u00e9lodies africaines.<\/p>\n\n\n\n<p><strong>Source: MAP<\/strong><\/p>\n","protected":false},"excerpt":{"rendered":"<p>Les travaux d\u2019un colloque international intitul\u00e9 \u201cLe Savant et Le Po\u00e9tique\u201d se sont ouverts, mercredi 29 avril 2026 &nbsp;\u00e0 Rabat, \u00e0 l\u2019initiative de l\u2019Acad\u00e9mie du Royaume du Maroc en hommage \u00e0 l\u2019\u00e9crivain et philosophe congolais Valentin Yves Mudimbe, en pr\u00e9sence de personnalit\u00e9s des mondes acad\u00e9mique et diplomatique. Cet \u00e9v\u00e9nement litt\u00e9raire international s\u2019inscrit dans les activit\u00e9s &hellip;<\/p>\n","protected":false},"author":2,"featured_media":6622,"comment_status":"open","ping_status":"closed","sticky":false,"template":"","format":"standard","meta":{"advanced_seo_description":"","jetpack_seo_html_title":"","jetpack_seo_noindex":false,"_jetpack_memberships_contains_paid_content":false,"footnotes":""},"categories":[72,35],"tags":[],"class_list":["post-6621","post","type-post","status-publish","format-standard","has-post-thumbnail","hentry","category-culture","category-slider"],"jetpack_featured_media_url":"https:\/\/i0.wp.com\/oulemag.ma\/fr\/wp-content\/uploads\/2026\/04\/Capture-13.jpg?fit=477%2C285&ssl=1","jetpack_shortlink":"https:\/\/wp.me\/pfJc35-1IN","jetpack_sharing_enabled":true,"_links":{"self":[{"href":"https:\/\/oulemag.ma\/fr\/wp-json\/wp\/v2\/posts\/6621","targetHints":{"allow":["GET"]}}],"collection":[{"href":"https:\/\/oulemag.ma\/fr\/wp-json\/wp\/v2\/posts"}],"about":[{"href":"https:\/\/oulemag.ma\/fr\/wp-json\/wp\/v2\/types\/post"}],"author":[{"embeddable":true,"href":"https:\/\/oulemag.ma\/fr\/wp-json\/wp\/v2\/users\/2"}],"replies":[{"embeddable":true,"href":"https:\/\/oulemag.ma\/fr\/wp-json\/wp\/v2\/comments?post=6621"}],"version-history":[{"count":1,"href":"https:\/\/oulemag.ma\/fr\/wp-json\/wp\/v2\/posts\/6621\/revisions"}],"predecessor-version":[{"id":6625,"href":"https:\/\/oulemag.ma\/fr\/wp-json\/wp\/v2\/posts\/6621\/revisions\/6625"}],"wp:featuredmedia":[{"embeddable":true,"href":"https:\/\/oulemag.ma\/fr\/wp-json\/wp\/v2\/media\/6622"}],"wp:attachment":[{"href":"https:\/\/oulemag.ma\/fr\/wp-json\/wp\/v2\/media?parent=6621"}],"wp:term":[{"taxonomy":"category","embeddable":true,"href":"https:\/\/oulemag.ma\/fr\/wp-json\/wp\/v2\/categories?post=6621"},{"taxonomy":"post_tag","embeddable":true,"href":"https:\/\/oulemag.ma\/fr\/wp-json\/wp\/v2\/tags?post=6621"}],"curies":[{"name":"wp","href":"https:\/\/api.w.org\/{rel}","templated":true}]}}