{"id":6630,"date":"2026-04-30T17:30:00","date_gmt":"2026-04-30T16:30:00","guid":{"rendered":"https:\/\/oulemag.ma\/fr\/?p=6630"},"modified":"2026-04-30T19:54:37","modified_gmt":"2026-04-30T18:54:37","slug":"dar-el-hadith-el-hassania-participe-a-la-31e-edition-du-salon-international-de-ledition-et-du-livre","status":"publish","type":"post","link":"https:\/\/oulemag.ma\/fr\/dar-el-hadith-el-hassania-participe-a-la-31e-edition-du-salon-international-de-ledition-et-du-livre\/","title":{"rendered":"Dar El Hadith El Hassania participe \u00e0 la 31e \u00e9dition du Salon international de l\u2019Edition et du Livre"},"content":{"rendered":"\n<p><\/p>\n\n\n\n<p>Dar El Hadith El Hassania prend part aux activit\u00e9s de la 31e \u00e9dition du Salon International de l\u2019Edition et du Livre, organis\u00e9e du 1er au 10 mai 2026. Cette participation s\u2019inscrit dans le cadre de son ouverture aux grands rendez-vous culturels et scientifiques, ainsi que du renforcement de sa pr\u00e9sence sur la sc\u00e8ne intellectuelle nationale et internationale.<\/p>\n\n\n\n<p>L\u2019\u00e9tablissement annonce que son stand sera ouvert au public au hall A, stand A54, o\u00f9 seront pr\u00e9sent\u00e9es ses publications scientifiques et intellectuelles, en plus d\u2019un programme d\u2019activit\u00e9s culturelles et acad\u00e9miques organis\u00e9 en marge de cet \u00e9v\u00e9nement majeur.<\/p>\n\n\n\n<p>Ce salon constitue un rendez-vous annuel de premier plan, r\u00e9unissant \u00e9diteurs, auteurs et chercheurs du monde entier, et offrant un espace privil\u00e9gi\u00e9 d\u2019\u00e9change d\u2019exp\u00e9riences ainsi que de valorisation des derni\u00e8res publications dans les domaines du savoir et de la recherche scientifique.<\/p>\n\n\n\n<p><strong>Une institution acad\u00e9mique de r\u00e9f\u00e9rence<\/strong><\/p>\n\n\n\n<p>Depuis sa cr\u00e9ation par d\u00e9cret royal en 1964, Dar El Hadith El Hassania s\u2019est impos\u00e9e comme une institution de r\u00e9f\u00e9rence dans l\u2019enseignement sup\u00e9rieur et la recherche en sciences religieuses. Elle a pour mission de former des savants et des chercheurs sp\u00e9cialis\u00e9s dans les \u00e9tudes islamiques approfondies, conform\u00e9ment aux orientations du dahir royal de 2005 qui a r\u00e9organis\u00e9 son statut et ses missions.<\/p>\n\n\n\n<p><strong>Une formation int\u00e9gr\u00e9e et pluridisciplinaire<\/strong><\/p>\n\n\n\n<p>L\u2019\u00e9tablissement repose sur deux piliers compl\u00e9mentaires. Le premier concerne les \u00e9tudes et la formation, offrant un parcours acad\u00e9mique structur\u00e9 en plusieurs niveaux : formation sp\u00e9cialis\u00e9e de base, master et doctorat, compl\u00e9t\u00e9s par des ateliers et formations parall\u00e8les. L\u2019enseignement y associe les sciences de la charia, les sciences humaines et sociales ainsi que les langues.<\/p>\n\n\n\n<p><strong>Recherche scientifique et production du savoir<\/strong><\/p>\n\n\n\n<p>Le second pilier est celui de la recherche scientifique, \u00e9troitement li\u00e9 \u00e0 la formation. Cette articulation permet aux \u00e9tudiants de passer progressivement de l\u2019apprentissage \u00e0 la production scientifique, notamment dans les cycles sup\u00e9rieurs, o\u00f9 la recherche occupe une place centrale.<\/p>\n\n\n\n<p><strong>Une contribution durable \u00e0 l\u2019excellence acad\u00e9mique<\/strong><\/p>\n\n\n\n<p>Au fil des d\u00e9cennies, Dar El Hadith El Hassania a \u00e9t\u00e9 encadr\u00e9e par de nombreux responsables, enseignants et chercheurs de haut niveau. Leur engagement a permis de former plusieurs g\u00e9n\u00e9rations d\u2019\u00e9tudiants et de chercheurs aujourd\u2019hui actifs dans des institutions nationales et internationales, contribuant ainsi au rayonnement scientifique de l\u2019\u00e9tablissement.<\/p>\n\n\n\n<p><\/p>\n","protected":false},"excerpt":{"rendered":"<p>Dar El Hadith El Hassania prend part aux activit\u00e9s de la 31e \u00e9dition du Salon International de l\u2019Edition et du Livre, organis\u00e9e du 1er au 10 mai 2026. Cette participation s\u2019inscrit dans le cadre de son ouverture aux grands rendez-vous culturels et scientifiques, ainsi que du renforcement de sa pr\u00e9sence sur la sc\u00e8ne intellectuelle nationale &hellip;<\/p>\n","protected":false},"author":2,"featured_media":6631,"comment_status":"open","ping_status":"closed","sticky":false,"template":"","format":"standard","meta":{"advanced_seo_description":"","jetpack_seo_html_title":"","jetpack_seo_noindex":false,"_jetpack_memberships_contains_paid_content":false,"footnotes":""},"categories":[72,35],"tags":[67],"class_list":["post-6630","post","type-post","status-publish","format-standard","has-post-thumbnail","hentry","category-culture","category-slider","tag-dar-el-hadith-el-hassania"],"jetpack_featured_media_url":"https:\/\/i0.wp.com\/oulemag.ma\/fr\/wp-content\/uploads\/2026\/04\/%D8%AF%D8%A7%D8%B1-%D8%A7%D9%84%D8%AD%D8%AF%D9%8A%D8%AB-%D8%A7%D9%84%D8%AD%D8%B3%D9%86%D9%8A%D8%A9-%D9%81%D9%8A-%D8%A7%D9%84%D9%85%D8%B9%D8%B1%D8%B6-%D8%A7%D9%84%D8%AF%D9%88%D9%84%D9%8A-%D9%84%D9%84%D9%83%D8%AA%D8%A7%D8%A8-%D8%A8%D8%A7%D9%84%D8%B1%D8%A8%D8%A7%D8%B7.jpg?fit=555%2C300&ssl=1","jetpack_shortlink":"https:\/\/wp.me\/pfJc35-1IW","jetpack_sharing_enabled":true,"_links":{"self":[{"href":"https:\/\/oulemag.ma\/fr\/wp-json\/wp\/v2\/posts\/6630","targetHints":{"allow":["GET"]}}],"collection":[{"href":"https:\/\/oulemag.ma\/fr\/wp-json\/wp\/v2\/posts"}],"about":[{"href":"https:\/\/oulemag.ma\/fr\/wp-json\/wp\/v2\/types\/post"}],"author":[{"embeddable":true,"href":"https:\/\/oulemag.ma\/fr\/wp-json\/wp\/v2\/users\/2"}],"replies":[{"embeddable":true,"href":"https:\/\/oulemag.ma\/fr\/wp-json\/wp\/v2\/comments?post=6630"}],"version-history":[{"count":5,"href":"https:\/\/oulemag.ma\/fr\/wp-json\/wp\/v2\/posts\/6630\/revisions"}],"predecessor-version":[{"id":6638,"href":"https:\/\/oulemag.ma\/fr\/wp-json\/wp\/v2\/posts\/6630\/revisions\/6638"}],"wp:featuredmedia":[{"embeddable":true,"href":"https:\/\/oulemag.ma\/fr\/wp-json\/wp\/v2\/media\/6631"}],"wp:attachment":[{"href":"https:\/\/oulemag.ma\/fr\/wp-json\/wp\/v2\/media?parent=6630"}],"wp:term":[{"taxonomy":"category","embeddable":true,"href":"https:\/\/oulemag.ma\/fr\/wp-json\/wp\/v2\/categories?post=6630"},{"taxonomy":"post_tag","embeddable":true,"href":"https:\/\/oulemag.ma\/fr\/wp-json\/wp\/v2\/tags?post=6630"}],"curies":[{"name":"wp","href":"https:\/\/api.w.org\/{rel}","templated":true}]}}