{"id":7733,"date":"2026-08-19T11:17:26","date_gmt":"2026-08-19T10:17:26","guid":{"rendered":"https:\/\/oulemag.ma\/fr\/?p=7733"},"modified":"2026-08-19T11:17:28","modified_gmt":"2026-08-19T10:17:28","slug":"licesco-examine-avec-des-ambassadeurs-africains-les-perspectives-de-renforcement-du-partenariat-strategique","status":"publish","type":"post","link":"https:\/\/oulemag.ma\/fr\/licesco-examine-avec-des-ambassadeurs-africains-les-perspectives-de-renforcement-du-partenariat-strategique\/","title":{"rendered":"L\u2019ICESCO examine avec des ambassadeurs africains les perspectives de renforcement du partenariat strat\u00e9gique"},"content":{"rendered":"\n<p class=\"wp-block-paragraph\">Le Directeur g\u00e9n\u00e9ral de l\u2019Organisation du Monde islamique pour l\u2019\u00c9ducation, les Sciences et la Culture (ICESCO), Salim M. AlMalik, a tenu, mardi 18 ao\u00fbt 2026 au si\u00e8ge de l\u2019Organisation \u00e0 Rabat, une rencontre \u00e9largie avec plusieurs ambassadeurs de pays africains membres de l\u2019ICESCO, accr\u00e9dit\u00e9s aupr\u00e8s du Royaume du Maroc, consacr\u00e9e \u00e0 l\u2019examen des perspectives de renforcement du partenariat strat\u00e9gique entre l\u2019Organisation et ses \u00c9tats membres africains.<\/p>\n\n\n\n<p class=\"wp-block-paragraph\">Ont pris part \u00e0 cette rencontre Mouhamadou Youssifou, ambassadeur du Cameroun au Maroc et doyen du corps diplomatique africain \u00e0 Rabat, Hassan Adoum Bakhit Haggar, ambassadeur de la R\u00e9publique du Tchad, Joseph Ahanhanzo, ambassadeur de la R\u00e9publique du B\u00e9nin, Foday Malang, ambassadeur de la R\u00e9publique de Gambie, Adam Umar Bako, ambassadeur de la R\u00e9publique f\u00e9d\u00e9rale du Nigeria, Alhaji Momodu Koroma, ambassadeur de la R\u00e9publique de Sierra Leone, ainsi que Messan Amako\u00e9 Klutse, charg\u00e9 d\u2019affaires par int\u00e9rim \u00e0 l\u2019ambassade de la R\u00e9publique du Togo. Des repr\u00e9sentants des ambassadeurs du Niger, de la Guin\u00e9e, du Burkina Faso et de la C\u00f4te d\u2019Ivoire \u00e9taient \u00e9galement pr\u00e9sents.<\/p>\n\n\n\n<p class=\"wp-block-paragraph\">AlMalik a soulign\u00e9 que cette rencontre, la premi\u00e8re du genre, s\u2019inscrit dans le cadre de la volont\u00e9 de l\u2019ICESCO de consolider son partenariat avec les \u00c9tats africains membres, auxquels l\u2019Organisation accorde une attention particuli\u00e8re, le groupe africain comptant 16 \u00c9tats membres.<\/p>\n\n\n\n<p class=\"wp-block-paragraph\">Il a indiqu\u00e9 que l\u2019ICESCO a mis en \u0153uvre dans ces pays de nombreux programmes et initiatives innovants dans les domaines de l\u2019\u00e9ducation, des sciences, de l\u2019environnement, de la culture, de la pr\u00e9servation du patrimoine, de l\u2019enseignement de l\u2019arabe aux non-arabophones, de la promotion des valeurs de paix, du renforcement des capacit\u00e9s des jeunes et des femmes, ainsi que de l\u2019investissement dans les sciences spatiales et leurs applications.<\/p>\n\n\n\n<p class=\"wp-block-paragraph\">Le Directeur g\u00e9n\u00e9ral a pr\u00e9cis\u00e9 que l\u2019Organisation adopte, conform\u00e9ment \u00e0 sa strat\u00e9gie, une approche fond\u00e9e sur la concertation avec les commissions nationales de ses \u00c9tats membres, afin de concevoir des programmes et des initiatives r\u00e9pondant \u00e0 leurs aspirations et \u00e0 leurs besoins sp\u00e9cifiques. Il a \u00e9galement exprim\u00e9 la fiert\u00e9 de l\u2019ICESCO de compter des comp\u00e9tences africaines au sein de ses structures, tout en soulignant sa volont\u00e9 d\u2019en attirer davantage au cours de la prochaine p\u00e9riode.<\/p>\n\n\n\n<p class=\"wp-block-paragraph\">AlMalik a par ailleurs insist\u00e9 sur l\u2019importance pour les \u00c9tats membres de s\u2019acquitter de leurs contributions annuelles au budget g\u00e9n\u00e9ral de l\u2019Organisation, afin de pr\u00e9server sa capacit\u00e9 \u00e0 poursuivre efficacement la mise en \u0153uvre de ses programmes et initiatives au service du monde islamique.<\/p>\n\n\n\n<p class=\"wp-block-paragraph\">De leur c\u00f4t\u00e9, les ambassadeurs ont salu\u00e9 les contributions de l\u2019ICESCO au d\u00e9veloppement et \u00e0 la mise en \u0153uvre d\u2019initiatives et de programmes r\u00e9pondant aux besoins sp\u00e9cifiques de ses \u00c9tats membres, ainsi que le processus de modernisation engag\u00e9 par l\u2019Organisation au cours des derni\u00e8res ann\u00e9es. Ils ont r\u00e9affirm\u00e9 l\u2019engagement de leurs pays \u00e0 participer pleinement aux activit\u00e9s de l\u2019ICESCO et leur disposition \u00e0 soutenir ses efforts.<\/p>\n\n\n\n<p class=\"wp-block-paragraph\">La rencontre a \u00e9galement \u00e9t\u00e9 marqu\u00e9e par des pr\u00e9sentations de plusieurs responsables de secteurs et directeurs de centres et de d\u00e9partements, portant sur les principales \u00e9tapes de la coop\u00e9ration bilat\u00e9rale au cours des derni\u00e8res ann\u00e9es, ainsi que sur plusieurs initiatives et programmes propos\u00e9s pour la prochaine p\u00e9riode.<\/p>\n","protected":false},"excerpt":{"rendered":"<p>Le Directeur g\u00e9n\u00e9ral de l\u2019Organisation du Monde islamique pour l\u2019\u00c9ducation, les Sciences et la Culture (ICESCO), Salim M. AlMalik, a tenu, mardi 18 ao\u00fbt 2026 au si\u00e8ge de l\u2019Organisation \u00e0 Rabat, une rencontre \u00e9largie avec plusieurs ambassadeurs de pays africains membres de l\u2019ICESCO, accr\u00e9dit\u00e9s aupr\u00e8s du Royaume du Maroc, consacr\u00e9e \u00e0 l\u2019examen des perspectives de &hellip;<\/p>\n","protected":false},"author":2,"featured_media":7734,"comment_status":"open","ping_status":"closed","sticky":false,"template":"","format":"standard","meta":{"advanced_seo_description":"","jetpack_seo_html_title":"","jetpack_seo_noindex":false,"_jetpack_memberships_contains_paid_content":false,"footnotes":""},"categories":[2,35,34],"tags":[174],"class_list":["post-7733","post","type-post","status-publish","format-standard","has-post-thumbnail","hentry","category-afrique","category-slider","category-trending","tag-icesco"],"jetpack_featured_media_url":"https:\/\/i0.wp.com\/oulemag.ma\/fr\/wp-content\/uploads\/2026\/08\/Capture-decran-2026-08-19-102643.png?fit=518%2C362&ssl=1","jetpack_shortlink":"https:\/\/wp.me\/pfJc35-20J","jetpack_sharing_enabled":true,"_links":{"self":[{"href":"https:\/\/oulemag.ma\/fr\/wp-json\/wp\/v2\/posts\/7733","targetHints":{"allow":["GET"]}}],"collection":[{"href":"https:\/\/oulemag.ma\/fr\/wp-json\/wp\/v2\/posts"}],"about":[{"href":"https:\/\/oulemag.ma\/fr\/wp-json\/wp\/v2\/types\/post"}],"author":[{"embeddable":true,"href":"https:\/\/oulemag.ma\/fr\/wp-json\/wp\/v2\/users\/2"}],"replies":[{"embeddable":true,"href":"https:\/\/oulemag.ma\/fr\/wp-json\/wp\/v2\/comments?post=7733"}],"version-history":[{"count":1,"href":"https:\/\/oulemag.ma\/fr\/wp-json\/wp\/v2\/posts\/7733\/revisions"}],"predecessor-version":[{"id":7735,"href":"https:\/\/oulemag.ma\/fr\/wp-json\/wp\/v2\/posts\/7733\/revisions\/7735"}],"wp:featuredmedia":[{"embeddable":true,"href":"https:\/\/oulemag.ma\/fr\/wp-json\/wp\/v2\/media\/7734"}],"wp:attachment":[{"href":"https:\/\/oulemag.ma\/fr\/wp-json\/wp\/v2\/media?parent=7733"}],"wp:term":[{"taxonomy":"category","embeddable":true,"href":"https:\/\/oulemag.ma\/fr\/wp-json\/wp\/v2\/categories?post=7733"},{"taxonomy":"post_tag","embeddable":true,"href":"https:\/\/oulemag.ma\/fr\/wp-json\/wp\/v2\/tags?post=7733"}],"curies":[{"name":"wp","href":"https:\/\/api.w.org\/{rel}","templated":true}]}}